{"id":92,"date":"2025-04-27T15:52:14","date_gmt":"2025-04-27T13:52:14","guid":{"rendered":"https:\/\/asso-detours91.fr\/?p=92"},"modified":"2025-08-16T17:18:12","modified_gmt":"2025-08-16T15:18:12","slug":"fete-parents-enfants-le-17-mai-2025-de-14h-a-17h","status":"publish","type":"post","link":"https:\/\/asso-detours91.fr\/index.php\/2025\/04\/27\/fete-parents-enfants-le-17-mai-2025-de-14h-a-17h\/","title":{"rendered":"F\u00eate parents-enfants le 17 mai 2025 de 14h \u00e0 17h"},"content":{"rendered":"\n<p>Rejoignez-nous au Parc Urbain des ULIS sur le stand de l&rsquo;association D\u00e9tours.<br>Jeux, coloriages, \u00e9changes entre parents&#8230;<\/p>\n\n\n\n<p><a href=\"https:\/\/www.lesulis.fr\/14-4862\/sortir\/agenda\/fiche\/journee-des-enfants.htm\">https:\/\/www.lesulis.fr\/14-4862\/sortir\/agenda\/fiche\/journee-des-enfants.htm<\/a><\/p>\n\n\n<div class=\"wp-block-image\">\n<figure class=\"alignleft size-full is-resized\"><img loading=\"lazy\" decoding=\"async\" width=\"325\" height=\"452\" src=\"https:\/\/asso-detours91.fr\/wp-content\/uploads\/2025\/04\/image.png\" alt=\"\" class=\"wp-image-108\" style=\"width:342px;height:auto\" srcset=\"https:\/\/asso-detours91.fr\/wp-content\/uploads\/2025\/04\/image.png 325w, https:\/\/asso-detours91.fr\/wp-content\/uploads\/2025\/04\/image-216x300.png 216w\" sizes=\"auto, (max-width: 325px) 100vw, 325px\" \/><\/figure>\n<\/div>","protected":false},"excerpt":{"rendered":"<p>Rejoignez-nous au Parc Urbain des ULIS sur le stand de l&rsquo;association D\u00e9tours.Jeux, coloriages, \u00e9changes entre parents&#8230; https:\/\/www.lesulis.fr\/14-4862\/sortir\/agenda\/fiche\/journee-des-enfants.htm<\/p>\n","protected":false},"author":2,"featured_media":0,"comment_status":"closed","ping_status":"closed","sticky":false,"template":"","format":"standard","meta":{"jetpack_post_was_ever_published":false,"_jetpack_newsletter_access":"","_jetpack_dont_email_post_to_subs":false,"_jetpack_newsletter_tier_id":0,"_jetpack_memberships_contains_paywalled_content":false,"_jetpack_memberships_contains_paid_content":false,"footnotes":""},"categories":[4],"tags":[],"class_list":["post-92","post","type-post","status-publish","format-standard","hentry","category-evenements"],"yoast_head":"<!-- This site is optimized with the Yoast SEO plugin v27.4 - https:\/\/yoast.com\/product\/yoast-seo-wordpress\/ -->\n<title>F\u00eate parents-enfants le 17 mai 2025 de 14h \u00e0 17h -<\/title>\n<meta name=\"robots\" content=\"index, follow, max-snippet:-1, max-image-preview:large, max-video-preview:-1\" \/>\n<link rel=\"canonical\" href=\"https:\/\/asso-detours91.fr\/index.php\/2025\/04\/27\/fete-parents-enfants-le-17-mai-2025-de-14h-a-17h\/\" \/>\n<meta property=\"og:locale\" content=\"fr_FR\" \/>\n<meta property=\"og:type\" content=\"article\" \/>\n<meta property=\"og:title\" content=\"F\u00eate parents-enfants le 17 mai 2025 de 14h \u00e0 17h -\" \/>\n<meta property=\"og:description\" content=\"Rejoignez-nous au Parc Urbain des ULIS sur le stand de l&rsquo;association D\u00e9tours.Jeux, coloriages, \u00e9changes entre parents&#8230; https:\/\/www.lesulis.fr\/14-4862\/sortir\/agenda\/fiche\/journee-des-enfants.htm\" \/>\n<meta property=\"og:url\" content=\"https:\/\/asso-detours91.fr\/index.php\/2025\/04\/27\/fete-parents-enfants-le-17-mai-2025-de-14h-a-17h\/\" \/>\n<meta property=\"article:publisher\" content=\"https:\/\/www.facebook.com\/detours91\" \/>\n<meta property=\"article:published_time\" content=\"2025-04-27T13:52:14+00:00\" \/>\n<meta property=\"article:modified_time\" content=\"2025-08-16T15:18:12+00:00\" \/>\n<meta property=\"og:image\" content=\"https:\/\/asso-detours91.fr\/wp-content\/uploads\/2025\/04\/image.png\" \/>\n\t<meta property=\"og:image:width\" content=\"325\" \/>\n\t<meta property=\"og:image:height\" content=\"452\" \/>\n\t<meta property=\"og:image:type\" content=\"image\/png\" \/>\n<meta name=\"author\" content=\"Math\" \/>\n<meta name=\"twitter:card\" content=\"summary_large_image\" \/>\n<meta name=\"twitter:label1\" content=\"\u00c9crit par\" \/>\n\t<meta name=\"twitter:data1\" content=\"Math\" \/>\n\t<meta name=\"twitter:label2\" content=\"Dur\u00e9e de lecture estim\u00e9e\" \/>\n\t<meta name=\"twitter:data2\" content=\"1 minute\" \/>\n<script type=\"application\/ld+json\" class=\"yoast-schema-graph\">{\"@context\":\"https:\\\/\\\/schema.org\",\"@graph\":[{\"@type\":\"Article\",\"@id\":\"https:\\\/\\\/asso-detours91.fr\\\/index.php\\\/2025\\\/04\\\/27\\\/fete-parents-enfants-le-17-mai-2025-de-14h-a-17h\\\/#article\",\"isPartOf\":{\"@id\":\"https:\\\/\\\/asso-detours91.fr\\\/index.php\\\/2025\\\/04\\\/27\\\/fete-parents-enfants-le-17-mai-2025-de-14h-a-17h\\\/\"},\"author\":{\"name\":\"Math\",\"@id\":\"https:\\\/\\\/asso-detours91.fr\\\/#\\\/schema\\\/person\\\/d5fb98f7c018e57b02d8aa78963791fc\"},\"headline\":\"F\u00eate parents-enfants le 17 mai 2025 de 14h \u00e0 17h\",\"datePublished\":\"2025-04-27T13:52:14+00:00\",\"dateModified\":\"2025-08-16T15:18:12+00:00\",\"mainEntityOfPage\":{\"@id\":\"https:\\\/\\\/asso-detours91.fr\\\/index.php\\\/2025\\\/04\\\/27\\\/fete-parents-enfants-le-17-mai-2025-de-14h-a-17h\\\/\"},\"wordCount\":37,\"publisher\":{\"@id\":\"https:\\\/\\\/asso-detours91.fr\\\/#organization\"},\"image\":{\"@id\":\"https:\\\/\\\/asso-detours91.fr\\\/index.php\\\/2025\\\/04\\\/27\\\/fete-parents-enfants-le-17-mai-2025-de-14h-a-17h\\\/#primaryimage\"},\"thumbnailUrl\":\"https:\\\/\\\/asso-detours91.fr\\\/wp-content\\\/uploads\\\/2025\\\/04\\\/image.png\",\"articleSection\":[\"\u00c9v\u00e8nements\"],\"inLanguage\":\"fr-FR\"},{\"@type\":\"WebPage\",\"@id\":\"https:\\\/\\\/asso-detours91.fr\\\/index.php\\\/2025\\\/04\\\/27\\\/fete-parents-enfants-le-17-mai-2025-de-14h-a-17h\\\/\",\"url\":\"https:\\\/\\\/asso-detours91.fr\\\/index.php\\\/2025\\\/04\\\/27\\\/fete-parents-enfants-le-17-mai-2025-de-14h-a-17h\\\/\",\"name\":\"F\u00eate parents-enfants le 17 mai 2025 de 14h \u00e0 17h -\",\"isPartOf\":{\"@id\":\"https:\\\/\\\/asso-detours91.fr\\\/#website\"},\"primaryImageOfPage\":{\"@id\":\"https:\\\/\\\/asso-detours91.fr\\\/index.php\\\/2025\\\/04\\\/27\\\/fete-parents-enfants-le-17-mai-2025-de-14h-a-17h\\\/#primaryimage\"},\"image\":{\"@id\":\"https:\\\/\\\/asso-detours91.fr\\\/index.php\\\/2025\\\/04\\\/27\\\/fete-parents-enfants-le-17-mai-2025-de-14h-a-17h\\\/#primaryimage\"},\"thumbnailUrl\":\"https:\\\/\\\/asso-detours91.fr\\\/wp-content\\\/uploads\\\/2025\\\/04\\\/image.png\",\"datePublished\":\"2025-04-27T13:52:14+00:00\",\"dateModified\":\"2025-08-16T15:18:12+00:00\",\"breadcrumb\":{\"@id\":\"https:\\\/\\\/asso-detours91.fr\\\/index.php\\\/2025\\\/04\\\/27\\\/fete-parents-enfants-le-17-mai-2025-de-14h-a-17h\\\/#breadcrumb\"},\"inLanguage\":\"fr-FR\",\"potentialAction\":[{\"@type\":\"ReadAction\",\"target\":[\"https:\\\/\\\/asso-detours91.fr\\\/index.php\\\/2025\\\/04\\\/27\\\/fete-parents-enfants-le-17-mai-2025-de-14h-a-17h\\\/\"]}]},{\"@type\":\"ImageObject\",\"inLanguage\":\"fr-FR\",\"@id\":\"https:\\\/\\\/asso-detours91.fr\\\/index.php\\\/2025\\\/04\\\/27\\\/fete-parents-enfants-le-17-mai-2025-de-14h-a-17h\\\/#primaryimage\",\"url\":\"https:\\\/\\\/asso-detours91.fr\\\/wp-content\\\/uploads\\\/2025\\\/04\\\/image.png\",\"contentUrl\":\"https:\\\/\\\/asso-detours91.fr\\\/wp-content\\\/uploads\\\/2025\\\/04\\\/image.png\",\"width\":325,\"height\":452},{\"@type\":\"BreadcrumbList\",\"@id\":\"https:\\\/\\\/asso-detours91.fr\\\/index.php\\\/2025\\\/04\\\/27\\\/fete-parents-enfants-le-17-mai-2025-de-14h-a-17h\\\/#breadcrumb\",\"itemListElement\":[{\"@type\":\"ListItem\",\"position\":1,\"name\":\"Accueil\",\"item\":\"https:\\\/\\\/asso-detours91.fr\\\/\"},{\"@type\":\"ListItem\",\"position\":2,\"name\":\"F\u00eate parents-enfants le 17 mai 2025 de 14h \u00e0 17h\"}]},{\"@type\":\"WebSite\",\"@id\":\"https:\\\/\\\/asso-detours91.fr\\\/#website\",\"url\":\"https:\\\/\\\/asso-detours91.fr\\\/\",\"name\":\"Association D\u00e9tours\",\"description\":\"Faire des d\u00e9tours, changer de regard ...\",\"publisher\":{\"@id\":\"https:\\\/\\\/asso-detours91.fr\\\/#organization\"},\"inLanguage\":\"fr-FR\"},{\"@type\":\"Organization\",\"@id\":\"https:\\\/\\\/asso-detours91.fr\\\/#organization\",\"name\":\"Association D\u00e9tours\",\"url\":\"https:\\\/\\\/asso-detours91.fr\\\/\",\"logo\":{\"@type\":\"ImageObject\",\"inLanguage\":\"fr-FR\",\"@id\":\"https:\\\/\\\/asso-detours91.fr\\\/#\\\/schema\\\/logo\\\/image\\\/\",\"url\":\"https:\\\/\\\/asso-detours91.fr\\\/wp-content\\\/uploads\\\/2025\\\/10\\\/cropped-kids-5741934_960_720.png\",\"contentUrl\":\"https:\\\/\\\/asso-detours91.fr\\\/wp-content\\\/uploads\\\/2025\\\/10\\\/cropped-kids-5741934_960_720.png\",\"width\":956,\"height\":580,\"caption\":\"Association D\u00e9tours\"},\"image\":{\"@id\":\"https:\\\/\\\/asso-detours91.fr\\\/#\\\/schema\\\/logo\\\/image\\\/\"},\"sameAs\":[\"https:\\\/\\\/www.facebook.com\\\/detours91\"]},{\"@type\":\"Person\",\"@id\":\"https:\\\/\\\/asso-detours91.fr\\\/#\\\/schema\\\/person\\\/d5fb98f7c018e57b02d8aa78963791fc\",\"name\":\"Math\",\"image\":{\"@type\":\"ImageObject\",\"inLanguage\":\"fr-FR\",\"@id\":\"https:\\\/\\\/secure.gravatar.com\\\/avatar\\\/df215d2a8123b8be01b51950f7a8c120e1a301bf3dd70e05531836bf7b2f0bbd?s=96&d=mm&r=g\",\"url\":\"https:\\\/\\\/secure.gravatar.com\\\/avatar\\\/df215d2a8123b8be01b51950f7a8c120e1a301bf3dd70e05531836bf7b2f0bbd?s=96&d=mm&r=g\",\"contentUrl\":\"https:\\\/\\\/secure.gravatar.com\\\/avatar\\\/df215d2a8123b8be01b51950f7a8c120e1a301bf3dd70e05531836bf7b2f0bbd?s=96&d=mm&r=g\",\"caption\":\"Math\"},\"url\":\"https:\\\/\\\/asso-detours91.fr\\\/index.php\\\/author\\\/mathilde-jachym\\\/\"}]}<\/script>\n<!-- \/ Yoast SEO plugin. -->","yoast_head_json":{"title":"F\u00eate parents-enfants le 17 mai 2025 de 14h \u00e0 17h -","robots":{"index":"index","follow":"follow","max-snippet":"max-snippet:-1","max-image-preview":"max-image-preview:large","max-video-preview":"max-video-preview:-1"},"canonical":"https:\/\/asso-detours91.fr\/index.php\/2025\/04\/27\/fete-parents-enfants-le-17-mai-2025-de-14h-a-17h\/","og_locale":"fr_FR","og_type":"article","og_title":"F\u00eate parents-enfants le 17 mai 2025 de 14h \u00e0 17h -","og_description":"Rejoignez-nous au Parc Urbain des ULIS sur le stand de l&rsquo;association D\u00e9tours.Jeux, coloriages, \u00e9changes entre parents&#8230; https:\/\/www.lesulis.fr\/14-4862\/sortir\/agenda\/fiche\/journee-des-enfants.htm","og_url":"https:\/\/asso-detours91.fr\/index.php\/2025\/04\/27\/fete-parents-enfants-le-17-mai-2025-de-14h-a-17h\/","article_publisher":"https:\/\/www.facebook.com\/detours91","article_published_time":"2025-04-27T13:52:14+00:00","article_modified_time":"2025-08-16T15:18:12+00:00","og_image":[{"width":325,"height":452,"url":"https:\/\/asso-detours91.fr\/wp-content\/uploads\/2025\/04\/image.png","type":"image\/png"}],"author":"Math","twitter_card":"summary_large_image","twitter_misc":{"\u00c9crit par":"Math","Dur\u00e9e de lecture estim\u00e9e":"1 minute"},"schema":{"@context":"https:\/\/schema.org","@graph":[{"@type":"Article","@id":"https:\/\/asso-detours91.fr\/index.php\/2025\/04\/27\/fete-parents-enfants-le-17-mai-2025-de-14h-a-17h\/#article","isPartOf":{"@id":"https:\/\/asso-detours91.fr\/index.php\/2025\/04\/27\/fete-parents-enfants-le-17-mai-2025-de-14h-a-17h\/"},"author":{"name":"Math","@id":"https:\/\/asso-detours91.fr\/#\/schema\/person\/d5fb98f7c018e57b02d8aa78963791fc"},"headline":"F\u00eate parents-enfants le 17 mai 2025 de 14h \u00e0 17h","datePublished":"2025-04-27T13:52:14+00:00","dateModified":"2025-08-16T15:18:12+00:00","mainEntityOfPage":{"@id":"https:\/\/asso-detours91.fr\/index.php\/2025\/04\/27\/fete-parents-enfants-le-17-mai-2025-de-14h-a-17h\/"},"wordCount":37,"publisher":{"@id":"https:\/\/asso-detours91.fr\/#organization"},"image":{"@id":"https:\/\/asso-detours91.fr\/index.php\/2025\/04\/27\/fete-parents-enfants-le-17-mai-2025-de-14h-a-17h\/#primaryimage"},"thumbnailUrl":"https:\/\/asso-detours91.fr\/wp-content\/uploads\/2025\/04\/image.png","articleSection":["\u00c9v\u00e8nements"],"inLanguage":"fr-FR"},{"@type":"WebPage","@id":"https:\/\/asso-detours91.fr\/index.php\/2025\/04\/27\/fete-parents-enfants-le-17-mai-2025-de-14h-a-17h\/","url":"https:\/\/asso-detours91.fr\/index.php\/2025\/04\/27\/fete-parents-enfants-le-17-mai-2025-de-14h-a-17h\/","name":"F\u00eate parents-enfants le 17 mai 2025 de 14h \u00e0 17h -","isPartOf":{"@id":"https:\/\/asso-detours91.fr\/#website"},"primaryImageOfPage":{"@id":"https:\/\/asso-detours91.fr\/index.php\/2025\/04\/27\/fete-parents-enfants-le-17-mai-2025-de-14h-a-17h\/#primaryimage"},"image":{"@id":"https:\/\/asso-detours91.fr\/index.php\/2025\/04\/27\/fete-parents-enfants-le-17-mai-2025-de-14h-a-17h\/#primaryimage"},"thumbnailUrl":"https:\/\/asso-detours91.fr\/wp-content\/uploads\/2025\/04\/image.png","datePublished":"2025-04-27T13:52:14+00:00","dateModified":"2025-08-16T15:18:12+00:00","breadcrumb":{"@id":"https:\/\/asso-detours91.fr\/index.php\/2025\/04\/27\/fete-parents-enfants-le-17-mai-2025-de-14h-a-17h\/#breadcrumb"},"inLanguage":"fr-FR","potentialAction":[{"@type":"ReadAction","target":["https:\/\/asso-detours91.fr\/index.php\/2025\/04\/27\/fete-parents-enfants-le-17-mai-2025-de-14h-a-17h\/"]}]},{"@type":"ImageObject","inLanguage":"fr-FR","@id":"https:\/\/asso-detours91.fr\/index.php\/2025\/04\/27\/fete-parents-enfants-le-17-mai-2025-de-14h-a-17h\/#primaryimage","url":"https:\/\/asso-detours91.fr\/wp-content\/uploads\/2025\/04\/image.png","contentUrl":"https:\/\/asso-detours91.fr\/wp-content\/uploads\/2025\/04\/image.png","width":325,"height":452},{"@type":"BreadcrumbList","@id":"https:\/\/asso-detours91.fr\/index.php\/2025\/04\/27\/fete-parents-enfants-le-17-mai-2025-de-14h-a-17h\/#breadcrumb","itemListElement":[{"@type":"ListItem","position":1,"name":"Accueil","item":"https:\/\/asso-detours91.fr\/"},{"@type":"ListItem","position":2,"name":"F\u00eate parents-enfants le 17 mai 2025 de 14h \u00e0 17h"}]},{"@type":"WebSite","@id":"https:\/\/asso-detours91.fr\/#website","url":"https:\/\/asso-detours91.fr\/","name":"Association D\u00e9tours","description":"Faire des d\u00e9tours, changer de regard ...","publisher":{"@id":"https:\/\/asso-detours91.fr\/#organization"},"inLanguage":"fr-FR"},{"@type":"Organization","@id":"https:\/\/asso-detours91.fr\/#organization","name":"Association D\u00e9tours","url":"https:\/\/asso-detours91.fr\/","logo":{"@type":"ImageObject","inLanguage":"fr-FR","@id":"https:\/\/asso-detours91.fr\/#\/schema\/logo\/image\/","url":"https:\/\/asso-detours91.fr\/wp-content\/uploads\/2025\/10\/cropped-kids-5741934_960_720.png","contentUrl":"https:\/\/asso-detours91.fr\/wp-content\/uploads\/2025\/10\/cropped-kids-5741934_960_720.png","width":956,"height":580,"caption":"Association D\u00e9tours"},"image":{"@id":"https:\/\/asso-detours91.fr\/#\/schema\/logo\/image\/"},"sameAs":["https:\/\/www.facebook.com\/detours91"]},{"@type":"Person","@id":"https:\/\/asso-detours91.fr\/#\/schema\/person\/d5fb98f7c018e57b02d8aa78963791fc","name":"Math","image":{"@type":"ImageObject","inLanguage":"fr-FR","@id":"https:\/\/secure.gravatar.com\/avatar\/df215d2a8123b8be01b51950f7a8c120e1a301bf3dd70e05531836bf7b2f0bbd?s=96&d=mm&r=g","url":"https:\/\/secure.gravatar.com\/avatar\/df215d2a8123b8be01b51950f7a8c120e1a301bf3dd70e05531836bf7b2f0bbd?s=96&d=mm&r=g","contentUrl":"https:\/\/secure.gravatar.com\/avatar\/df215d2a8123b8be01b51950f7a8c120e1a301bf3dd70e05531836bf7b2f0bbd?s=96&d=mm&r=g","caption":"Math"},"url":"https:\/\/asso-detours91.fr\/index.php\/author\/mathilde-jachym\/"}]}},"jetpack_featured_media_url":"","jetpack_sharing_enabled":true,"_links":{"self":[{"href":"https:\/\/asso-detours91.fr\/index.php\/wp-json\/wp\/v2\/posts\/92","targetHints":{"allow":["GET"]}}],"collection":[{"href":"https:\/\/asso-detours91.fr\/index.php\/wp-json\/wp\/v2\/posts"}],"about":[{"href":"https:\/\/asso-detours91.fr\/index.php\/wp-json\/wp\/v2\/types\/post"}],"author":[{"embeddable":true,"href":"https:\/\/asso-detours91.fr\/index.php\/wp-json\/wp\/v2\/users\/2"}],"replies":[{"embeddable":true,"href":"https:\/\/asso-detours91.fr\/index.php\/wp-json\/wp\/v2\/comments?post=92"}],"version-history":[{"count":6,"href":"https:\/\/asso-detours91.fr\/index.php\/wp-json\/wp\/v2\/posts\/92\/revisions"}],"predecessor-version":[{"id":109,"href":"https:\/\/asso-detours91.fr\/index.php\/wp-json\/wp\/v2\/posts\/92\/revisions\/109"}],"wp:attachment":[{"href":"https:\/\/asso-detours91.fr\/index.php\/wp-json\/wp\/v2\/media?parent=92"}],"wp:term":[{"taxonomy":"category","embeddable":true,"href":"https:\/\/asso-detours91.fr\/index.php\/wp-json\/wp\/v2\/categories?post=92"},{"taxonomy":"post_tag","embeddable":true,"href":"https:\/\/asso-detours91.fr\/index.php\/wp-json\/wp\/v2\/tags?post=92"}],"curies":[{"name":"wp","href":"https:\/\/api.w.org\/{rel}","templated":true}]}}