{"id":7,"date":"2025-03-21T19:16:20","date_gmt":"2025-03-21T18:16:20","guid":{"rendered":"http:\/\/vps-ac4724b9.vps.ovh.net\/detours\/?p=7"},"modified":"2025-08-16T17:18:58","modified_gmt":"2025-08-16T15:18:58","slug":"assemblee-generale-le-samedi-22-mars","status":"publish","type":"post","link":"https:\/\/asso-detours91.fr\/index.php\/2025\/03\/21\/assemblee-generale-le-samedi-22-mars\/","title":{"rendered":"Assembl\u00e9e g\u00e9n\u00e9rale le samedi 22 mars"},"content":{"rendered":"\n<p>Assembl\u00e9e G\u00e9n\u00e9rale de l\u2019association D\u00e9tours : le samedi 22 mars, 14h30<br>LCR 15 Courdimanche (\u00e0 cot\u00e9 de la MPT) 5-9 av de Bourgogne 91 940 LES ULIS<br>Des projets, des envies ? <br>Adh\u00e9rez et venez les partager avec nous !<\/p>\n","protected":false},"excerpt":{"rendered":"<p>Assembl\u00e9e G\u00e9n\u00e9rale de l\u2019association D\u00e9tours : le samedi 22 mars, 14h30LCR 15 Courdimanche (\u00e0 cot\u00e9 de la MPT) 5-9 av de Bourgogne 91 940 LES ULISDes projets, des envies ? Adh\u00e9rez et venez les partager avec nous !<\/p>\n","protected":false},"author":1,"featured_media":0,"comment_status":"closed","ping_status":"closed","sticky":false,"template":"","format":"standard","meta":{"jetpack_post_was_ever_published":false,"_jetpack_newsletter_access":"","_jetpack_dont_email_post_to_subs":false,"_jetpack_newsletter_tier_id":0,"_jetpack_memberships_contains_paywalled_content":false,"_jetpack_memberships_contains_paid_content":false,"footnotes":""},"categories":[5],"tags":[],"class_list":["post-7","post","type-post","status-publish","format-standard","hentry","category-reunions"],"yoast_head":"<!-- This site is optimized with the Yoast SEO plugin v27.4 - https:\/\/yoast.com\/product\/yoast-seo-wordpress\/ -->\n<title>Assembl\u00e9e g\u00e9n\u00e9rale le samedi 22 mars -<\/title>\n<meta name=\"robots\" content=\"index, follow, max-snippet:-1, max-image-preview:large, max-video-preview:-1\" \/>\n<link rel=\"canonical\" href=\"https:\/\/asso-detours91.fr\/index.php\/2025\/03\/21\/assemblee-generale-le-samedi-22-mars\/\" \/>\n<meta property=\"og:locale\" content=\"fr_FR\" \/>\n<meta property=\"og:type\" content=\"article\" \/>\n<meta property=\"og:title\" content=\"Assembl\u00e9e g\u00e9n\u00e9rale le samedi 22 mars -\" \/>\n<meta property=\"og:description\" content=\"Assembl\u00e9e G\u00e9n\u00e9rale de l\u2019association D\u00e9tours : le samedi 22 mars, 14h30LCR 15 Courdimanche (\u00e0 cot\u00e9 de la MPT) 5-9 av de Bourgogne 91 940 LES ULISDes projets, des envies ? Adh\u00e9rez et venez les partager avec nous !\" \/>\n<meta property=\"og:url\" content=\"https:\/\/asso-detours91.fr\/index.php\/2025\/03\/21\/assemblee-generale-le-samedi-22-mars\/\" \/>\n<meta property=\"article:publisher\" content=\"https:\/\/www.facebook.com\/detours91\" \/>\n<meta property=\"article:published_time\" content=\"2025-03-21T18:16:20+00:00\" \/>\n<meta property=\"article:modified_time\" content=\"2025-08-16T15:18:58+00:00\" \/>\n<meta name=\"author\" content=\"Marc\" \/>\n<meta name=\"twitter:card\" content=\"summary_large_image\" \/>\n<meta name=\"twitter:label1\" content=\"\u00c9crit par\" \/>\n\t<meta name=\"twitter:data1\" content=\"Marc\" \/>\n\t<meta name=\"twitter:label2\" content=\"Dur\u00e9e de lecture estim\u00e9e\" \/>\n\t<meta name=\"twitter:data2\" content=\"1 minute\" \/>\n<script type=\"application\/ld+json\" class=\"yoast-schema-graph\">{\"@context\":\"https:\\\/\\\/schema.org\",\"@graph\":[{\"@type\":\"Article\",\"@id\":\"https:\\\/\\\/asso-detours91.fr\\\/index.php\\\/2025\\\/03\\\/21\\\/assemblee-generale-le-samedi-22-mars\\\/#article\",\"isPartOf\":{\"@id\":\"https:\\\/\\\/asso-detours91.fr\\\/index.php\\\/2025\\\/03\\\/21\\\/assemblee-generale-le-samedi-22-mars\\\/\"},\"author\":{\"name\":\"Marc\",\"@id\":\"https:\\\/\\\/asso-detours91.fr\\\/#\\\/schema\\\/person\\\/186b6645af4e88f4b6982ff9e96dc77f\"},\"headline\":\"Assembl\u00e9e g\u00e9n\u00e9rale le samedi 22 mars\",\"datePublished\":\"2025-03-21T18:16:20+00:00\",\"dateModified\":\"2025-08-16T15:18:58+00:00\",\"mainEntityOfPage\":{\"@id\":\"https:\\\/\\\/asso-detours91.fr\\\/index.php\\\/2025\\\/03\\\/21\\\/assemblee-generale-le-samedi-22-mars\\\/\"},\"wordCount\":45,\"publisher\":{\"@id\":\"https:\\\/\\\/asso-detours91.fr\\\/#organization\"},\"articleSection\":[\"R\u00e9unions\"],\"inLanguage\":\"fr-FR\"},{\"@type\":\"WebPage\",\"@id\":\"https:\\\/\\\/asso-detours91.fr\\\/index.php\\\/2025\\\/03\\\/21\\\/assemblee-generale-le-samedi-22-mars\\\/\",\"url\":\"https:\\\/\\\/asso-detours91.fr\\\/index.php\\\/2025\\\/03\\\/21\\\/assemblee-generale-le-samedi-22-mars\\\/\",\"name\":\"Assembl\u00e9e g\u00e9n\u00e9rale le samedi 22 mars -\",\"isPartOf\":{\"@id\":\"https:\\\/\\\/asso-detours91.fr\\\/#website\"},\"datePublished\":\"2025-03-21T18:16:20+00:00\",\"dateModified\":\"2025-08-16T15:18:58+00:00\",\"breadcrumb\":{\"@id\":\"https:\\\/\\\/asso-detours91.fr\\\/index.php\\\/2025\\\/03\\\/21\\\/assemblee-generale-le-samedi-22-mars\\\/#breadcrumb\"},\"inLanguage\":\"fr-FR\",\"potentialAction\":[{\"@type\":\"ReadAction\",\"target\":[\"https:\\\/\\\/asso-detours91.fr\\\/index.php\\\/2025\\\/03\\\/21\\\/assemblee-generale-le-samedi-22-mars\\\/\"]}]},{\"@type\":\"BreadcrumbList\",\"@id\":\"https:\\\/\\\/asso-detours91.fr\\\/index.php\\\/2025\\\/03\\\/21\\\/assemblee-generale-le-samedi-22-mars\\\/#breadcrumb\",\"itemListElement\":[{\"@type\":\"ListItem\",\"position\":1,\"name\":\"Accueil\",\"item\":\"https:\\\/\\\/asso-detours91.fr\\\/\"},{\"@type\":\"ListItem\",\"position\":2,\"name\":\"Assembl\u00e9e g\u00e9n\u00e9rale le samedi 22 mars\"}]},{\"@type\":\"WebSite\",\"@id\":\"https:\\\/\\\/asso-detours91.fr\\\/#website\",\"url\":\"https:\\\/\\\/asso-detours91.fr\\\/\",\"name\":\"Association D\u00e9tours\",\"description\":\"Faire des d\u00e9tours, changer de regard ...\",\"publisher\":{\"@id\":\"https:\\\/\\\/asso-detours91.fr\\\/#organization\"},\"inLanguage\":\"fr-FR\"},{\"@type\":\"Organization\",\"@id\":\"https:\\\/\\\/asso-detours91.fr\\\/#organization\",\"name\":\"Association D\u00e9tours\",\"url\":\"https:\\\/\\\/asso-detours91.fr\\\/\",\"logo\":{\"@type\":\"ImageObject\",\"inLanguage\":\"fr-FR\",\"@id\":\"https:\\\/\\\/asso-detours91.fr\\\/#\\\/schema\\\/logo\\\/image\\\/\",\"url\":\"https:\\\/\\\/asso-detours91.fr\\\/wp-content\\\/uploads\\\/2025\\\/10\\\/cropped-kids-5741934_960_720.png\",\"contentUrl\":\"https:\\\/\\\/asso-detours91.fr\\\/wp-content\\\/uploads\\\/2025\\\/10\\\/cropped-kids-5741934_960_720.png\",\"width\":956,\"height\":580,\"caption\":\"Association D\u00e9tours\"},\"image\":{\"@id\":\"https:\\\/\\\/asso-detours91.fr\\\/#\\\/schema\\\/logo\\\/image\\\/\"},\"sameAs\":[\"https:\\\/\\\/www.facebook.com\\\/detours91\"]},{\"@type\":\"Person\",\"@id\":\"https:\\\/\\\/asso-detours91.fr\\\/#\\\/schema\\\/person\\\/186b6645af4e88f4b6982ff9e96dc77f\",\"name\":\"Marc\",\"image\":{\"@type\":\"ImageObject\",\"inLanguage\":\"fr-FR\",\"@id\":\"https:\\\/\\\/secure.gravatar.com\\\/avatar\\\/c05303a1b28dfc08c546f25e2f069cb9fc96604fc8ce9f02205ef779fe7d91fc?s=96&d=mm&r=g\",\"url\":\"https:\\\/\\\/secure.gravatar.com\\\/avatar\\\/c05303a1b28dfc08c546f25e2f069cb9fc96604fc8ce9f02205ef779fe7d91fc?s=96&d=mm&r=g\",\"contentUrl\":\"https:\\\/\\\/secure.gravatar.com\\\/avatar\\\/c05303a1b28dfc08c546f25e2f069cb9fc96604fc8ce9f02205ef779fe7d91fc?s=96&d=mm&r=g\",\"caption\":\"Marc\"},\"sameAs\":[\"http:\\\/\\\/asso-detours91.fr\"],\"url\":\"https:\\\/\\\/asso-detours91.fr\\\/index.php\\\/author\\\/marc_jachym\\\/\"}]}<\/script>\n<!-- \/ Yoast SEO plugin. -->","yoast_head_json":{"title":"Assembl\u00e9e g\u00e9n\u00e9rale le samedi 22 mars -","robots":{"index":"index","follow":"follow","max-snippet":"max-snippet:-1","max-image-preview":"max-image-preview:large","max-video-preview":"max-video-preview:-1"},"canonical":"https:\/\/asso-detours91.fr\/index.php\/2025\/03\/21\/assemblee-generale-le-samedi-22-mars\/","og_locale":"fr_FR","og_type":"article","og_title":"Assembl\u00e9e g\u00e9n\u00e9rale le samedi 22 mars -","og_description":"Assembl\u00e9e G\u00e9n\u00e9rale de l\u2019association D\u00e9tours : le samedi 22 mars, 14h30LCR 15 Courdimanche (\u00e0 cot\u00e9 de la MPT) 5-9 av de Bourgogne 91 940 LES ULISDes projets, des envies ? Adh\u00e9rez et venez les partager avec nous !","og_url":"https:\/\/asso-detours91.fr\/index.php\/2025\/03\/21\/assemblee-generale-le-samedi-22-mars\/","article_publisher":"https:\/\/www.facebook.com\/detours91","article_published_time":"2025-03-21T18:16:20+00:00","article_modified_time":"2025-08-16T15:18:58+00:00","author":"Marc","twitter_card":"summary_large_image","twitter_misc":{"\u00c9crit par":"Marc","Dur\u00e9e de lecture estim\u00e9e":"1 minute"},"schema":{"@context":"https:\/\/schema.org","@graph":[{"@type":"Article","@id":"https:\/\/asso-detours91.fr\/index.php\/2025\/03\/21\/assemblee-generale-le-samedi-22-mars\/#article","isPartOf":{"@id":"https:\/\/asso-detours91.fr\/index.php\/2025\/03\/21\/assemblee-generale-le-samedi-22-mars\/"},"author":{"name":"Marc","@id":"https:\/\/asso-detours91.fr\/#\/schema\/person\/186b6645af4e88f4b6982ff9e96dc77f"},"headline":"Assembl\u00e9e g\u00e9n\u00e9rale le samedi 22 mars","datePublished":"2025-03-21T18:16:20+00:00","dateModified":"2025-08-16T15:18:58+00:00","mainEntityOfPage":{"@id":"https:\/\/asso-detours91.fr\/index.php\/2025\/03\/21\/assemblee-generale-le-samedi-22-mars\/"},"wordCount":45,"publisher":{"@id":"https:\/\/asso-detours91.fr\/#organization"},"articleSection":["R\u00e9unions"],"inLanguage":"fr-FR"},{"@type":"WebPage","@id":"https:\/\/asso-detours91.fr\/index.php\/2025\/03\/21\/assemblee-generale-le-samedi-22-mars\/","url":"https:\/\/asso-detours91.fr\/index.php\/2025\/03\/21\/assemblee-generale-le-samedi-22-mars\/","name":"Assembl\u00e9e g\u00e9n\u00e9rale le samedi 22 mars -","isPartOf":{"@id":"https:\/\/asso-detours91.fr\/#website"},"datePublished":"2025-03-21T18:16:20+00:00","dateModified":"2025-08-16T15:18:58+00:00","breadcrumb":{"@id":"https:\/\/asso-detours91.fr\/index.php\/2025\/03\/21\/assemblee-generale-le-samedi-22-mars\/#breadcrumb"},"inLanguage":"fr-FR","potentialAction":[{"@type":"ReadAction","target":["https:\/\/asso-detours91.fr\/index.php\/2025\/03\/21\/assemblee-generale-le-samedi-22-mars\/"]}]},{"@type":"BreadcrumbList","@id":"https:\/\/asso-detours91.fr\/index.php\/2025\/03\/21\/assemblee-generale-le-samedi-22-mars\/#breadcrumb","itemListElement":[{"@type":"ListItem","position":1,"name":"Accueil","item":"https:\/\/asso-detours91.fr\/"},{"@type":"ListItem","position":2,"name":"Assembl\u00e9e g\u00e9n\u00e9rale le samedi 22 mars"}]},{"@type":"WebSite","@id":"https:\/\/asso-detours91.fr\/#website","url":"https:\/\/asso-detours91.fr\/","name":"Association D\u00e9tours","description":"Faire des d\u00e9tours, changer de regard ...","publisher":{"@id":"https:\/\/asso-detours91.fr\/#organization"},"inLanguage":"fr-FR"},{"@type":"Organization","@id":"https:\/\/asso-detours91.fr\/#organization","name":"Association D\u00e9tours","url":"https:\/\/asso-detours91.fr\/","logo":{"@type":"ImageObject","inLanguage":"fr-FR","@id":"https:\/\/asso-detours91.fr\/#\/schema\/logo\/image\/","url":"https:\/\/asso-detours91.fr\/wp-content\/uploads\/2025\/10\/cropped-kids-5741934_960_720.png","contentUrl":"https:\/\/asso-detours91.fr\/wp-content\/uploads\/2025\/10\/cropped-kids-5741934_960_720.png","width":956,"height":580,"caption":"Association D\u00e9tours"},"image":{"@id":"https:\/\/asso-detours91.fr\/#\/schema\/logo\/image\/"},"sameAs":["https:\/\/www.facebook.com\/detours91"]},{"@type":"Person","@id":"https:\/\/asso-detours91.fr\/#\/schema\/person\/186b6645af4e88f4b6982ff9e96dc77f","name":"Marc","image":{"@type":"ImageObject","inLanguage":"fr-FR","@id":"https:\/\/secure.gravatar.com\/avatar\/c05303a1b28dfc08c546f25e2f069cb9fc96604fc8ce9f02205ef779fe7d91fc?s=96&d=mm&r=g","url":"https:\/\/secure.gravatar.com\/avatar\/c05303a1b28dfc08c546f25e2f069cb9fc96604fc8ce9f02205ef779fe7d91fc?s=96&d=mm&r=g","contentUrl":"https:\/\/secure.gravatar.com\/avatar\/c05303a1b28dfc08c546f25e2f069cb9fc96604fc8ce9f02205ef779fe7d91fc?s=96&d=mm&r=g","caption":"Marc"},"sameAs":["http:\/\/asso-detours91.fr"],"url":"https:\/\/asso-detours91.fr\/index.php\/author\/marc_jachym\/"}]}},"jetpack_featured_media_url":"","jetpack_sharing_enabled":true,"_links":{"self":[{"href":"https:\/\/asso-detours91.fr\/index.php\/wp-json\/wp\/v2\/posts\/7","targetHints":{"allow":["GET"]}}],"collection":[{"href":"https:\/\/asso-detours91.fr\/index.php\/wp-json\/wp\/v2\/posts"}],"about":[{"href":"https:\/\/asso-detours91.fr\/index.php\/wp-json\/wp\/v2\/types\/post"}],"author":[{"embeddable":true,"href":"https:\/\/asso-detours91.fr\/index.php\/wp-json\/wp\/v2\/users\/1"}],"replies":[{"embeddable":true,"href":"https:\/\/asso-detours91.fr\/index.php\/wp-json\/wp\/v2\/comments?post=7"}],"version-history":[{"count":2,"href":"https:\/\/asso-detours91.fr\/index.php\/wp-json\/wp\/v2\/posts\/7\/revisions"}],"predecessor-version":[{"id":59,"href":"https:\/\/asso-detours91.fr\/index.php\/wp-json\/wp\/v2\/posts\/7\/revisions\/59"}],"wp:attachment":[{"href":"https:\/\/asso-detours91.fr\/index.php\/wp-json\/wp\/v2\/media?parent=7"}],"wp:term":[{"taxonomy":"category","embeddable":true,"href":"https:\/\/asso-detours91.fr\/index.php\/wp-json\/wp\/v2\/categories?post=7"},{"taxonomy":"post_tag","embeddable":true,"href":"https:\/\/asso-detours91.fr\/index.php\/wp-json\/wp\/v2\/tags?post=7"}],"curies":[{"name":"wp","href":"https:\/\/api.w.org\/{rel}","templated":true}]}}