{"id":435,"date":"2026-08-30T21:21:11","date_gmt":"2026-08-30T19:21:11","guid":{"rendered":"https:\/\/asso-detours91.fr\/?p=435"},"modified":"2026-08-30T21:21:12","modified_gmt":"2026-08-30T19:21:12","slug":"forums-de-rentree","status":"publish","type":"post","link":"https:\/\/asso-detours91.fr\/index.php\/2026\/08\/30\/forums-de-rentree\/","title":{"rendered":"Forums de rentr\u00e9e"},"content":{"rendered":"\n<p class=\"wp-block-paragraph\">L&rsquo;association D\u00e9tours sera pr\u00e9sente aux f\u00eates forum et village des associations :<\/p>\n\n\n\n<p class=\"wp-block-paragraph\"><strong>Aux ULIS:&nbsp;samedi&nbsp;5 septembre&nbsp;de 9h30&nbsp;\u00e0 17h, salle Boris Vian&nbsp;: ilot B stand&nbsp;18<\/strong><\/p>\n\n\n\n<p class=\"wp-block-paragraph\"><strong>A GIF:&nbsp;samedi&nbsp;5 septembre 2026 sur le stand de \u00ab\u00a0handicap \u00e0 l\u2019\u00e9cole\u00a0\u00bb, ch\u00e2teau de Belleville Chevry<\/strong><\/p>\n\n\n\n<p class=\"wp-block-paragraph\"><strong>A ORSAY:&nbsp;Dimanche&nbsp;6 septembre&nbsp;de&nbsp;11h \u00e0 17h,&nbsp;Gymnase JC Blondin Rue Guy Moquet<\/strong><\/p>\n\n\n\n<p class=\"wp-block-paragraph\">Venez nous y rencontrer. Si vous avez un peu de temps pour relayer ceux qui font les permanences, n&rsquo;h\u00e9sitez pas nous \u00e0 nous le signaler par mail.<\/p>\n\n\n\n<p class=\"wp-block-paragraph\">Vous trouverez <a href=\"https:\/\/asso-detours91.fr\/wp-content\/uploads\/2026\/08\/programme-Detours_2026-2027_v2026-08-24.pdf\">ici<\/a> le programme de D\u00e9tours et ci-dessous les festivit\u00e9s du mois des associations aux ULIS.\u00a0<\/p>\n\n\n\n<p class=\"wp-block-paragraph\"><\/p>\n\n\n\n<p class=\"wp-block-paragraph\">Programme du \u00ab Mois des Associations \u00bb<\/p>\n\n\n\n<p class=\"wp-block-paragraph\"><strong>Samedi 5 septembre, de 9h30 \u00e0 17h<\/strong><\/p>\n\n\n\n<p class=\"wp-block-paragraph\">Espace culturel Boris Vian et C\u0153ur de Ville<\/p>\n\n\n\n<p class=\"wp-block-paragraph\"><strong>Village des Associations<\/strong><\/p>\n\n\n\n<p class=\"wp-block-paragraph\">Pr\u00e8s de 140 associations seront r\u00e9unies pour pr\u00e9senter leurs activit\u00e9s, rencontrer les habitants, accueillir de nouveaux adh\u00e9rents et faire d\u00e9couvrir leurs projets. D\u00e9monstrations, animations, \u00e9changes avec les b\u00e9n\u00e9voles, espaces de restauration et buvettes rythmeront cette journ\u00e9e festive.<\/p>\n\n\n\n<p class=\"wp-block-paragraph\"><strong>Mardi 8 septembre \u00e0 20h30<\/strong><\/p>\n\n\n\n<p class=\"wp-block-paragraph\">Cin\u00e9ma Jacques Pr\u00e9vert<\/p>\n\n\n\n<p class=\"wp-block-paragraph\"><strong>Cin\u00e9-d\u00e9bat<\/strong><\/p>\n\n\n\n<p class=\"wp-block-paragraph\">Projection du film \u00ab Douce France \u00bb, accompagn\u00e9e d\u2019un court-m\u00e9trage r\u00e9alis\u00e9 par Cit\u00e9\u2019Jeune, suivie d\u2019un d\u00e9bat participatif sur le th\u00e8me : \u00ab Citoyens aujourd\u2019hui, acteurs demain : les jeunes au c\u0153ur de l\u2019engagement \u00bb.<\/p>\n\n\n\n<p class=\"wp-block-paragraph\">Sur inscription :&nbsp;<a href=\"mailto:viedelacite@lesulis.fr\" target=\"_blank\" rel=\"noopener\">viedelacite@lesulis.fr<\/a><\/p>\n\n\n\n<p class=\"wp-block-paragraph\"><strong>Samedi 12 septembre, de 10h \u00e0 12h<\/strong><\/p>\n\n\n\n<p class=\"wp-block-paragraph\">Maison des Associations<\/p>\n\n\n\n<p class=\"wp-block-paragraph\"><strong>Caf\u00e9 associatif<\/strong><\/p>\n\n\n\n<p class=\"wp-block-paragraph\">Un temps d\u2019\u00e9change destin\u00e9 aux dirigeants et b\u00e9n\u00e9voles autour des ressources financi\u00e8res des associations : m\u00e9c\u00e9nat, partenariats priv\u00e9s, sponsoring, financement participatif, cotisations et autofinancement.<\/p>\n\n\n\n<p class=\"wp-block-paragraph\">Sur inscription :&nbsp;<a href=\"mailto:viedelacite@lesulis.fr\" target=\"_blank\" rel=\"noopener\">viedelacite@lesulis.fr<\/a><\/p>\n\n\n\n<p class=\"wp-block-paragraph\"><strong>Jeudi 17 septembre<\/strong><\/p>\n\n\n\n<p class=\"wp-block-paragraph\">MPT de Courdimanche<\/p>\n\n\n\n<p class=\"wp-block-paragraph\"><strong>Th\u00e9\u00e2tre-forum destin\u00e9 aux jeunes<\/strong><\/p>\n\n\n\n<p class=\"wp-block-paragraph\">De 18h \u00e0 19h30 : jeunes de 15 \u00e0 17 ans<\/p>\n\n\n\n<p class=\"wp-block-paragraph\">De 19h15 \u00e0 20h45 : jeunes de 18 \u00e0 25 ans<\/p>\n\n\n\n<p class=\"wp-block-paragraph\">Anim\u00e9 par l\u2019association YA FOUE\u00cf, ce th\u00e9\u00e2tre participatif abordera les r\u00e9alit\u00e9s de la vie associative : b\u00e9n\u00e9volat, engagement, gouvernance et d\u00e9fis rencontr\u00e9s par les associations.<\/p>\n\n\n\n<p class=\"wp-block-paragraph\">Entr\u00e9e libre.<\/p>\n\n\n\n<p class=\"wp-block-paragraph\"><strong>Du 17 au 23 septembre<\/strong><\/p>\n\n\n\n<p class=\"wp-block-paragraph\">MPT de Courdimanche<\/p>\n\n\n\n<p class=\"wp-block-paragraph\"><strong>Exposition \u00ab CPAS DISCRI \u00bb<\/strong><\/p>\n\n\n\n<p class=\"wp-block-paragraph\">Une exposition de sensibilisation favorisant les \u00e9changes autour des discriminations, de la citoyennet\u00e9 et du vivre-ensemble.<\/p>\n\n\n\n<p class=\"wp-block-paragraph\">Entr\u00e9e libre.<\/p>\n\n\n\n<p class=\"wp-block-paragraph\"><strong>Vendredi 18 septembre \u00e0 20h<\/strong><\/p>\n\n\n\n<p class=\"wp-block-paragraph\">RADAZIK<\/p>\n\n\n\n<p class=\"wp-block-paragraph\"><strong>Th\u00e9\u00e2tre-forum associatif<\/strong><\/p>\n\n\n\n<p class=\"wp-block-paragraph\">Propos\u00e9e par APOGE, cette soir\u00e9e s\u2019adresse aux responsables associatifs, aux b\u00e9n\u00e9voles et aux habitants. \u00c0 travers des sc\u00e8nes inspir\u00e9es du quotidien des associations, les participants pourront partager leurs exp\u00e9riences et d\u00e9battre des enjeux de la vie associative.<\/p>\n\n\n\n<p class=\"wp-block-paragraph\">Sur inscription :&nbsp;<a href=\"mailto:viedelacite@lesulis.fr\" target=\"_blank\" rel=\"noopener\">viedelacite@lesulis.fr<\/a><\/p>\n\n\n\n<p class=\"wp-block-paragraph\"><strong>Samedi 26 septembre 2026<\/strong><\/p>\n\n\n\n<p class=\"wp-block-paragraph\">Salles des f\u00eates de Courtab\u0153uf<\/p>\n\n\n\n<p class=\"wp-block-paragraph\"><strong>Soir\u00e9e festive associative &amp; buffet campagnard<\/strong><\/p>\n\n\n\n<p class=\"wp-block-paragraph\">Pour cl\u00f4turer le Mois des Associations, la Ville vous invite \u00e0 une soir\u00e9e conviviale r\u00e9unissant les acteurs associatifs ulissiens, autour d\u2019un buffet campagnard et d\u2019une soir\u00e9e dansante.<\/p>\n\n\n\n<p class=\"wp-block-paragraph\">Sur inscription :&nbsp;<a href=\"mailto:viedelacite@lesulis.fr\" target=\"_blank\" rel=\"noopener\">viedelacite@lesulis.fr<\/a><\/p>\n","protected":false},"excerpt":{"rendered":"<p>L&rsquo;association D\u00e9tours sera pr\u00e9sente aux f\u00eates forum et village des associations : Aux ULIS:&nbsp;samedi&nbsp;5 septembre&nbsp;de 9h30&nbsp;\u00e0 17h, salle Boris Vian&nbsp;: ilot B stand&nbsp;18 A GIF:&nbsp;samedi&nbsp;5 septembre 2026 sur le stand de \u00ab\u00a0handicap \u00e0 l\u2019\u00e9cole\u00a0\u00bb, ch\u00e2teau de Belleville Chevry A ORSAY:&nbsp;Dimanche&nbsp;6 septembre&nbsp;de&nbsp;11h \u00e0 17h,&nbsp;Gymnase JC Blondin Rue Guy Moquet Venez nous y rencontrer. Si vous avez [&hellip;]<\/p>\n","protected":false},"author":3,"featured_media":0,"comment_status":"closed","ping_status":"closed","sticky":false,"template":"","format":"standard","meta":{"_jetpack_newsletter_access":"","_jetpack_dont_email_post_to_subs":false,"_jetpack_newsletter_tier_id":0,"_jetpack_memberships_contains_paywalled_content":false,"_jetpack_feature_clip_id":0,"_jetpack_memberships_contains_paid_content":false,"footnotes":"","jetpack_post_was_ever_published":false},"categories":[4,6,2],"tags":[],"class_list":["post-435","post","type-post","status-publish","format-standard","hentry","category-evenements","category-informations","category-programme"],"yoast_head":"<!-- This site is optimized with the Yoast SEO plugin v28.3 - https:\/\/yoast.com\/product\/yoast-seo-wordpress\/ -->\n<title>Forums de rentr\u00e9e -<\/title>\n<meta name=\"robots\" content=\"index, follow, max-snippet:-1, max-image-preview:large, max-video-preview:-1\" \/>\n<link rel=\"canonical\" href=\"https:\/\/asso-detours91.fr\/index.php\/2026\/08\/30\/forums-de-rentree\/\" \/>\n<meta property=\"og:locale\" content=\"fr_FR\" \/>\n<meta property=\"og:type\" content=\"article\" \/>\n<meta property=\"og:title\" content=\"Forums de rentr\u00e9e -\" \/>\n<meta property=\"og:description\" content=\"L&rsquo;association D\u00e9tours sera pr\u00e9sente aux f\u00eates forum et village des associations : Aux ULIS:&nbsp;samedi&nbsp;5 septembre&nbsp;de 9h30&nbsp;\u00e0 17h, salle Boris Vian&nbsp;: ilot B stand&nbsp;18 A GIF:&nbsp;samedi&nbsp;5 septembre 2026 sur le stand de \u00ab\u00a0handicap \u00e0 l\u2019\u00e9cole\u00a0\u00bb, ch\u00e2teau de Belleville Chevry A ORSAY:&nbsp;Dimanche&nbsp;6 septembre&nbsp;de&nbsp;11h \u00e0 17h,&nbsp;Gymnase JC Blondin Rue Guy Moquet Venez nous y rencontrer. Si vous avez [&hellip;]\" \/>\n<meta property=\"og:url\" content=\"https:\/\/asso-detours91.fr\/index.php\/2026\/08\/30\/forums-de-rentree\/\" \/>\n<meta property=\"article:publisher\" content=\"https:\/\/www.facebook.com\/detours91\" \/>\n<meta property=\"article:published_time\" content=\"2026-08-30T19:21:11+00:00\" \/>\n<meta property=\"article:modified_time\" content=\"2026-08-30T19:21:12+00:00\" \/>\n<meta name=\"author\" content=\"Magali Sch\u00fcssler\" \/>\n<meta name=\"twitter:card\" content=\"summary_large_image\" \/>\n<meta name=\"twitter:label1\" content=\"\u00c9crit par\" \/>\n\t<meta name=\"twitter:data1\" content=\"Magali Sch\u00fcssler\" \/>\n\t<meta name=\"twitter:label2\" content=\"Dur\u00e9e de lecture estim\u00e9e\" \/>\n\t<meta name=\"twitter:data2\" content=\"3 minutes\" \/>\n<script type=\"application\/ld+json\" class=\"yoast-schema-graph\">{\"@context\":\"https:\\\/\\\/schema.org\",\"@graph\":[{\"@type\":\"Article\",\"@id\":\"https:\\\/\\\/asso-detours91.fr\\\/index.php\\\/2026\\\/08\\\/30\\\/forums-de-rentree\\\/#article\",\"isPartOf\":{\"@id\":\"https:\\\/\\\/asso-detours91.fr\\\/index.php\\\/2026\\\/08\\\/30\\\/forums-de-rentree\\\/\"},\"author\":{\"name\":\"Magali Sch\u00fcssler\",\"@id\":\"https:\\\/\\\/asso-detours91.fr\\\/#\\\/schema\\\/person\\\/95d1143d2b93d63d8276ee14a0673ba1\"},\"headline\":\"Forums de rentr\u00e9e\",\"datePublished\":\"2026-08-30T19:21:11+00:00\",\"dateModified\":\"2026-08-30T19:21:12+00:00\",\"mainEntityOfPage\":{\"@id\":\"https:\\\/\\\/asso-detours91.fr\\\/index.php\\\/2026\\\/08\\\/30\\\/forums-de-rentree\\\/\"},\"wordCount\":488,\"publisher\":{\"@id\":\"https:\\\/\\\/asso-detours91.fr\\\/#organization\"},\"articleSection\":[\"\u00c9v\u00e8nements\",\"Informations\",\"Programme\"],\"inLanguage\":\"fr-FR\"},{\"@type\":\"WebPage\",\"@id\":\"https:\\\/\\\/asso-detours91.fr\\\/index.php\\\/2026\\\/08\\\/30\\\/forums-de-rentree\\\/\",\"url\":\"https:\\\/\\\/asso-detours91.fr\\\/index.php\\\/2026\\\/08\\\/30\\\/forums-de-rentree\\\/\",\"name\":\"Forums de rentr\u00e9e -\",\"isPartOf\":{\"@id\":\"https:\\\/\\\/asso-detours91.fr\\\/#website\"},\"datePublished\":\"2026-08-30T19:21:11+00:00\",\"dateModified\":\"2026-08-30T19:21:12+00:00\",\"breadcrumb\":{\"@id\":\"https:\\\/\\\/asso-detours91.fr\\\/index.php\\\/2026\\\/08\\\/30\\\/forums-de-rentree\\\/#breadcrumb\"},\"inLanguage\":\"fr-FR\",\"potentialAction\":[{\"@type\":\"ReadAction\",\"target\":[\"https:\\\/\\\/asso-detours91.fr\\\/index.php\\\/2026\\\/08\\\/30\\\/forums-de-rentree\\\/\"]}]},{\"@type\":\"BreadcrumbList\",\"@id\":\"https:\\\/\\\/asso-detours91.fr\\\/index.php\\\/2026\\\/08\\\/30\\\/forums-de-rentree\\\/#breadcrumb\",\"itemListElement\":[{\"@type\":\"ListItem\",\"position\":1,\"name\":\"Accueil\",\"item\":\"https:\\\/\\\/asso-detours91.fr\\\/\"},{\"@type\":\"ListItem\",\"position\":2,\"name\":\"Forums de rentr\u00e9e\"}]},{\"@type\":\"WebSite\",\"@id\":\"https:\\\/\\\/asso-detours91.fr\\\/#website\",\"url\":\"https:\\\/\\\/asso-detours91.fr\\\/\",\"name\":\"Association D\u00e9tours\",\"description\":\"Faire des d\u00e9tours, changer de regard ...\",\"publisher\":{\"@id\":\"https:\\\/\\\/asso-detours91.fr\\\/#organization\"},\"inLanguage\":\"fr-FR\"},{\"@type\":\"Organization\",\"@id\":\"https:\\\/\\\/asso-detours91.fr\\\/#organization\",\"name\":\"Association D\u00e9tours\",\"url\":\"https:\\\/\\\/asso-detours91.fr\\\/\",\"logo\":{\"@type\":\"ImageObject\",\"inLanguage\":\"fr-FR\",\"@id\":\"https:\\\/\\\/asso-detours91.fr\\\/#\\\/schema\\\/logo\\\/image\\\/\",\"url\":\"https:\\\/\\\/asso-detours91.fr\\\/wp-content\\\/uploads\\\/2025\\\/10\\\/cropped-kids-5741934_960_720.png\",\"contentUrl\":\"https:\\\/\\\/asso-detours91.fr\\\/wp-content\\\/uploads\\\/2025\\\/10\\\/cropped-kids-5741934_960_720.png\",\"width\":956,\"height\":580,\"caption\":\"Association D\u00e9tours\"},\"image\":{\"@id\":\"https:\\\/\\\/asso-detours91.fr\\\/#\\\/schema\\\/logo\\\/image\\\/\"},\"sameAs\":[\"https:\\\/\\\/www.facebook.com\\\/detours91\"]},{\"@type\":\"Person\",\"@id\":\"https:\\\/\\\/asso-detours91.fr\\\/#\\\/schema\\\/person\\\/95d1143d2b93d63d8276ee14a0673ba1\",\"name\":\"Magali Sch\u00fcssler\",\"image\":{\"@type\":\"ImageObject\",\"inLanguage\":\"fr-FR\",\"@id\":\"https:\\\/\\\/secure.gravatar.com\\\/avatar\\\/76229ae50354425f7d7be60232c039d2d36bef48d975fa9a2f9074b1411b12ef?s=96&d=mm&r=g\",\"url\":\"https:\\\/\\\/secure.gravatar.com\\\/avatar\\\/76229ae50354425f7d7be60232c039d2d36bef48d975fa9a2f9074b1411b12ef?s=96&d=mm&r=g\",\"contentUrl\":\"https:\\\/\\\/secure.gravatar.com\\\/avatar\\\/76229ae50354425f7d7be60232c039d2d36bef48d975fa9a2f9074b1411b12ef?s=96&d=mm&r=g\",\"caption\":\"Magali Sch\u00fcssler\"},\"url\":\"https:\\\/\\\/asso-detours91.fr\\\/index.php\\\/author\\\/antoine_schussler\\\/\"}]}<\/script>\n<!-- \/ Yoast SEO plugin. -->","yoast_head_json":{"title":"Forums de rentr\u00e9e -","robots":{"index":"index","follow":"follow","max-snippet":"max-snippet:-1","max-image-preview":"max-image-preview:large","max-video-preview":"max-video-preview:-1"},"canonical":"https:\/\/asso-detours91.fr\/index.php\/2026\/08\/30\/forums-de-rentree\/","og_locale":"fr_FR","og_type":"article","og_title":"Forums de rentr\u00e9e -","og_description":"L&rsquo;association D\u00e9tours sera pr\u00e9sente aux f\u00eates forum et village des associations : Aux ULIS:&nbsp;samedi&nbsp;5 septembre&nbsp;de 9h30&nbsp;\u00e0 17h, salle Boris Vian&nbsp;: ilot B stand&nbsp;18 A GIF:&nbsp;samedi&nbsp;5 septembre 2026 sur le stand de \u00ab\u00a0handicap \u00e0 l\u2019\u00e9cole\u00a0\u00bb, ch\u00e2teau de Belleville Chevry A ORSAY:&nbsp;Dimanche&nbsp;6 septembre&nbsp;de&nbsp;11h \u00e0 17h,&nbsp;Gymnase JC Blondin Rue Guy Moquet Venez nous y rencontrer. Si vous avez [&hellip;]","og_url":"https:\/\/asso-detours91.fr\/index.php\/2026\/08\/30\/forums-de-rentree\/","article_publisher":"https:\/\/www.facebook.com\/detours91","article_published_time":"2026-08-30T19:21:11+00:00","article_modified_time":"2026-08-30T19:21:12+00:00","author":"Magali Sch\u00fcssler","twitter_card":"summary_large_image","twitter_misc":{"\u00c9crit par":"Magali Sch\u00fcssler","Dur\u00e9e de lecture estim\u00e9e":"3 minutes"},"schema":{"@context":"https:\/\/schema.org","@graph":[{"@type":"Article","@id":"https:\/\/asso-detours91.fr\/index.php\/2026\/08\/30\/forums-de-rentree\/#article","isPartOf":{"@id":"https:\/\/asso-detours91.fr\/index.php\/2026\/08\/30\/forums-de-rentree\/"},"author":{"name":"Magali Sch\u00fcssler","@id":"https:\/\/asso-detours91.fr\/#\/schema\/person\/95d1143d2b93d63d8276ee14a0673ba1"},"headline":"Forums de rentr\u00e9e","datePublished":"2026-08-30T19:21:11+00:00","dateModified":"2026-08-30T19:21:12+00:00","mainEntityOfPage":{"@id":"https:\/\/asso-detours91.fr\/index.php\/2026\/08\/30\/forums-de-rentree\/"},"wordCount":488,"publisher":{"@id":"https:\/\/asso-detours91.fr\/#organization"},"articleSection":["\u00c9v\u00e8nements","Informations","Programme"],"inLanguage":"fr-FR"},{"@type":"WebPage","@id":"https:\/\/asso-detours91.fr\/index.php\/2026\/08\/30\/forums-de-rentree\/","url":"https:\/\/asso-detours91.fr\/index.php\/2026\/08\/30\/forums-de-rentree\/","name":"Forums de rentr\u00e9e -","isPartOf":{"@id":"https:\/\/asso-detours91.fr\/#website"},"datePublished":"2026-08-30T19:21:11+00:00","dateModified":"2026-08-30T19:21:12+00:00","breadcrumb":{"@id":"https:\/\/asso-detours91.fr\/index.php\/2026\/08\/30\/forums-de-rentree\/#breadcrumb"},"inLanguage":"fr-FR","potentialAction":[{"@type":"ReadAction","target":["https:\/\/asso-detours91.fr\/index.php\/2026\/08\/30\/forums-de-rentree\/"]}]},{"@type":"BreadcrumbList","@id":"https:\/\/asso-detours91.fr\/index.php\/2026\/08\/30\/forums-de-rentree\/#breadcrumb","itemListElement":[{"@type":"ListItem","position":1,"name":"Accueil","item":"https:\/\/asso-detours91.fr\/"},{"@type":"ListItem","position":2,"name":"Forums de rentr\u00e9e"}]},{"@type":"WebSite","@id":"https:\/\/asso-detours91.fr\/#website","url":"https:\/\/asso-detours91.fr\/","name":"Association D\u00e9tours","description":"Faire des d\u00e9tours, changer de regard ...","publisher":{"@id":"https:\/\/asso-detours91.fr\/#organization"},"inLanguage":"fr-FR"},{"@type":"Organization","@id":"https:\/\/asso-detours91.fr\/#organization","name":"Association D\u00e9tours","url":"https:\/\/asso-detours91.fr\/","logo":{"@type":"ImageObject","inLanguage":"fr-FR","@id":"https:\/\/asso-detours91.fr\/#\/schema\/logo\/image\/","url":"https:\/\/asso-detours91.fr\/wp-content\/uploads\/2025\/10\/cropped-kids-5741934_960_720.png","contentUrl":"https:\/\/asso-detours91.fr\/wp-content\/uploads\/2025\/10\/cropped-kids-5741934_960_720.png","width":956,"height":580,"caption":"Association D\u00e9tours"},"image":{"@id":"https:\/\/asso-detours91.fr\/#\/schema\/logo\/image\/"},"sameAs":["https:\/\/www.facebook.com\/detours91"]},{"@type":"Person","@id":"https:\/\/asso-detours91.fr\/#\/schema\/person\/95d1143d2b93d63d8276ee14a0673ba1","name":"Magali Sch\u00fcssler","image":{"@type":"ImageObject","inLanguage":"fr-FR","@id":"https:\/\/secure.gravatar.com\/avatar\/76229ae50354425f7d7be60232c039d2d36bef48d975fa9a2f9074b1411b12ef?s=96&d=mm&r=g","url":"https:\/\/secure.gravatar.com\/avatar\/76229ae50354425f7d7be60232c039d2d36bef48d975fa9a2f9074b1411b12ef?s=96&d=mm&r=g","contentUrl":"https:\/\/secure.gravatar.com\/avatar\/76229ae50354425f7d7be60232c039d2d36bef48d975fa9a2f9074b1411b12ef?s=96&d=mm&r=g","caption":"Magali Sch\u00fcssler"},"url":"https:\/\/asso-detours91.fr\/index.php\/author\/antoine_schussler\/"}]}},"jetpack_sharing_enabled":true,"jetpack_featured_media_url":"","_links":{"self":[{"href":"https:\/\/asso-detours91.fr\/index.php\/wp-json\/wp\/v2\/posts\/435","targetHints":{"allow":["GET"]}}],"collection":[{"href":"https:\/\/asso-detours91.fr\/index.php\/wp-json\/wp\/v2\/posts"}],"about":[{"href":"https:\/\/asso-detours91.fr\/index.php\/wp-json\/wp\/v2\/types\/post"}],"author":[{"embeddable":true,"href":"https:\/\/asso-detours91.fr\/index.php\/wp-json\/wp\/v2\/users\/3"}],"replies":[{"embeddable":true,"href":"https:\/\/asso-detours91.fr\/index.php\/wp-json\/wp\/v2\/comments?post=435"}],"version-history":[{"count":2,"href":"https:\/\/asso-detours91.fr\/index.php\/wp-json\/wp\/v2\/posts\/435\/revisions"}],"predecessor-version":[{"id":438,"href":"https:\/\/asso-detours91.fr\/index.php\/wp-json\/wp\/v2\/posts\/435\/revisions\/438"}],"wp:attachment":[{"href":"https:\/\/asso-detours91.fr\/index.php\/wp-json\/wp\/v2\/media?parent=435"}],"wp:term":[{"taxonomy":"category","embeddable":true,"href":"https:\/\/asso-detours91.fr\/index.php\/wp-json\/wp\/v2\/categories?post=435"},{"taxonomy":"post_tag","embeddable":true,"href":"https:\/\/asso-detours91.fr\/index.php\/wp-json\/wp\/v2\/tags?post=435"}],"curies":[{"name":"wp","href":"https:\/\/api.w.org\/{rel}","templated":true}]}}