{"id":290,"date":"2026-01-04T11:37:20","date_gmt":"2026-01-04T10:37:20","guid":{"rendered":"https:\/\/asso-detours91.fr\/?p=290"},"modified":"2026-01-04T11:37:22","modified_gmt":"2026-01-04T10:37:22","slug":"gouter-different-dimanche-11-janvier-de-15h-a-17h","status":"publish","type":"post","link":"https:\/\/asso-detours91.fr\/index.php\/2026\/01\/04\/gouter-different-dimanche-11-janvier-de-15h-a-17h\/","title":{"rendered":"\u00ab\u00a0Go\u00fbter Diff\u00e9rent\u00a0\u00bb dimanche 11 janvier de 15h \u00e0 17h"},"content":{"rendered":"\n<p><em>Message de Myriam, pour l&rsquo;ensemble des\u00a0b\u00e9n\u00e9voles de \u00ab\u00a0Handicap \u00e0 l&rsquo;\u00e9cole\u00a0\u00bb:<\/em><\/p>\n\n\n\n<p>Pour bien commencer l&rsquo;ann\u00e9e, nous vous rappelons que nous organisons un Go\u00fbter Diff\u00e9rent\u00a0<strong><mark style=\"background-color:rgba(0, 0, 0, 0)\" class=\"has-inline-color has-vivid-purple-color\">dimanche 11 janvier de 15h \u00e0 17h<\/mark><\/strong>\u00a0\u00e0 l&rsquo;Espace du Val de Gif (place du Chapitre, au dessus du Lidl).<\/p>\n\n\n\n<p>Nous accueillerons Nicolas, qui proposera un joli spectacle de magie avec des ballons de baudruche (pour ceux qui sont venus d\u00e8s le d\u00e9but des Go\u00fbters Diff\u00e9rents, Nicolas \u00e9tait d\u00e9j\u00e0 venu \u00e0 la MJC Cyrano). Il animera ensuite un atelier de sculpture avec des ballons.<\/p>\n\n\n\n<p>Nous proposerons comme d&rsquo;habitude des jeux et un atelier cr\u00e9atif, puis nous partagerons des galettes des rois. Venez en famille ou avec des amis ; vous pouvez partager l&rsquo;affiche en PJ.<\/p>\n\n\n\n<p>Si possible, merci de&nbsp;nous indiquer votre venue (nombre de personnes au total) afin que nous puissions pr\u00e9voir le go\u00fbter.<\/p>\n\n\n\n<p>Mail\u00a0:\u00a0<a href=\"mailto:handicapalecole@free.fr\" target=\"_blank\" rel=\"noreferrer noopener\">handicapalecole.gif91@orange.fr<\/a> \/ Facebook : Handicap \u00e0 l&rsquo;\u00e9cole \/ Instagram : hae.gif<\/p>\n\n\n\n<figure class=\"wp-block-image size-large\"><img loading=\"lazy\" decoding=\"async\" width=\"724\" height=\"1024\" src=\"https:\/\/asso-detours91.fr\/wp-content\/uploads\/2026\/01\/GD-11-jan26-724x1024.png\" alt=\"\" class=\"wp-image-291\" srcset=\"https:\/\/asso-detours91.fr\/wp-content\/uploads\/2026\/01\/GD-11-jan26-724x1024.png 724w, https:\/\/asso-detours91.fr\/wp-content\/uploads\/2026\/01\/GD-11-jan26-212x300.png 212w, https:\/\/asso-detours91.fr\/wp-content\/uploads\/2026\/01\/GD-11-jan26-768x1086.png 768w, https:\/\/asso-detours91.fr\/wp-content\/uploads\/2026\/01\/GD-11-jan26-1086x1536.png 1086w, https:\/\/asso-detours91.fr\/wp-content\/uploads\/2026\/01\/GD-11-jan26-1448x2048.png 1448w, https:\/\/asso-detours91.fr\/wp-content\/uploads\/2026\/01\/GD-11-jan26-1024x1449.png 1024w, https:\/\/asso-detours91.fr\/wp-content\/uploads\/2026\/01\/GD-11-jan26.png 1587w\" sizes=\"auto, (max-width: 724px) 100vw, 724px\" \/><\/figure>\n","protected":false},"excerpt":{"rendered":"<p>Message de Myriam, pour l&rsquo;ensemble des\u00a0b\u00e9n\u00e9voles de \u00ab\u00a0Handicap \u00e0 l&rsquo;\u00e9cole\u00a0\u00bb: Pour bien commencer l&rsquo;ann\u00e9e, nous vous rappelons que nous organisons un Go\u00fbter Diff\u00e9rent\u00a0dimanche 11 janvier de 15h \u00e0 17h\u00a0\u00e0 l&rsquo;Espace du Val de Gif (place du Chapitre, au dessus du Lidl). Nous accueillerons Nicolas, qui proposera un joli spectacle de magie avec des ballons de [&hellip;]<\/p>\n","protected":false},"author":3,"featured_media":0,"comment_status":"closed","ping_status":"closed","sticky":false,"template":"","format":"standard","meta":{"jetpack_post_was_ever_published":false,"_jetpack_newsletter_access":"","_jetpack_dont_email_post_to_subs":false,"_jetpack_newsletter_tier_id":0,"_jetpack_memberships_contains_paywalled_content":false,"_jetpack_memberships_contains_paid_content":false,"footnotes":""},"categories":[4],"tags":[],"class_list":["post-290","post","type-post","status-publish","format-standard","hentry","category-evenements"],"yoast_head":"<!-- This site is optimized with the Yoast SEO plugin v27.4 - https:\/\/yoast.com\/product\/yoast-seo-wordpress\/ -->\n<title>&quot;Go\u00fbter Diff\u00e9rent&quot; dimanche 11 janvier de 15h \u00e0 17h -<\/title>\n<meta name=\"robots\" content=\"index, follow, max-snippet:-1, max-image-preview:large, max-video-preview:-1\" \/>\n<link rel=\"canonical\" href=\"https:\/\/asso-detours91.fr\/index.php\/2026\/01\/04\/gouter-different-dimanche-11-janvier-de-15h-a-17h\/\" \/>\n<meta property=\"og:locale\" content=\"fr_FR\" \/>\n<meta property=\"og:type\" content=\"article\" \/>\n<meta property=\"og:title\" content=\"&quot;Go\u00fbter Diff\u00e9rent&quot; dimanche 11 janvier de 15h \u00e0 17h -\" \/>\n<meta property=\"og:description\" content=\"Message de Myriam, pour l&rsquo;ensemble des\u00a0b\u00e9n\u00e9voles de \u00ab\u00a0Handicap \u00e0 l&rsquo;\u00e9cole\u00a0\u00bb: Pour bien commencer l&rsquo;ann\u00e9e, nous vous rappelons que nous organisons un Go\u00fbter Diff\u00e9rent\u00a0dimanche 11 janvier de 15h \u00e0 17h\u00a0\u00e0 l&rsquo;Espace du Val de Gif (place du Chapitre, au dessus du Lidl). Nous accueillerons Nicolas, qui proposera un joli spectacle de magie avec des ballons de [&hellip;]\" \/>\n<meta property=\"og:url\" content=\"https:\/\/asso-detours91.fr\/index.php\/2026\/01\/04\/gouter-different-dimanche-11-janvier-de-15h-a-17h\/\" \/>\n<meta property=\"article:publisher\" content=\"https:\/\/www.facebook.com\/detours91\" \/>\n<meta property=\"article:published_time\" content=\"2026-01-04T10:37:20+00:00\" \/>\n<meta property=\"article:modified_time\" content=\"2026-01-04T10:37:22+00:00\" \/>\n<meta property=\"og:image\" content=\"https:\/\/asso-detours91.fr\/wp-content\/uploads\/2026\/01\/GD-11-jan26.png\" \/>\n\t<meta property=\"og:image:width\" content=\"1587\" \/>\n\t<meta property=\"og:image:height\" content=\"2245\" \/>\n\t<meta property=\"og:image:type\" content=\"image\/png\" \/>\n<meta name=\"author\" content=\"Antoine Schussler\" \/>\n<meta name=\"twitter:card\" content=\"summary_large_image\" \/>\n<meta name=\"twitter:label1\" content=\"\u00c9crit par\" \/>\n\t<meta name=\"twitter:data1\" content=\"Antoine Schussler\" \/>\n\t<meta name=\"twitter:label2\" content=\"Dur\u00e9e de lecture estim\u00e9e\" \/>\n\t<meta name=\"twitter:data2\" content=\"1 minute\" \/>\n<script type=\"application\/ld+json\" class=\"yoast-schema-graph\">{\"@context\":\"https:\\\/\\\/schema.org\",\"@graph\":[{\"@type\":\"Article\",\"@id\":\"https:\\\/\\\/asso-detours91.fr\\\/index.php\\\/2026\\\/01\\\/04\\\/gouter-different-dimanche-11-janvier-de-15h-a-17h\\\/#article\",\"isPartOf\":{\"@id\":\"https:\\\/\\\/asso-detours91.fr\\\/index.php\\\/2026\\\/01\\\/04\\\/gouter-different-dimanche-11-janvier-de-15h-a-17h\\\/\"},\"author\":{\"name\":\"Antoine Schussler\",\"@id\":\"https:\\\/\\\/asso-detours91.fr\\\/#\\\/schema\\\/person\\\/95d1143d2b93d63d8276ee14a0673ba1\"},\"headline\":\"\u00ab\u00a0Go\u00fbter Diff\u00e9rent\u00a0\u00bb dimanche 11 janvier de 15h \u00e0 17h\",\"datePublished\":\"2026-01-04T10:37:20+00:00\",\"dateModified\":\"2026-01-04T10:37:22+00:00\",\"mainEntityOfPage\":{\"@id\":\"https:\\\/\\\/asso-detours91.fr\\\/index.php\\\/2026\\\/01\\\/04\\\/gouter-different-dimanche-11-janvier-de-15h-a-17h\\\/\"},\"wordCount\":174,\"publisher\":{\"@id\":\"https:\\\/\\\/asso-detours91.fr\\\/#organization\"},\"image\":{\"@id\":\"https:\\\/\\\/asso-detours91.fr\\\/index.php\\\/2026\\\/01\\\/04\\\/gouter-different-dimanche-11-janvier-de-15h-a-17h\\\/#primaryimage\"},\"thumbnailUrl\":\"https:\\\/\\\/asso-detours91.fr\\\/wp-content\\\/uploads\\\/2026\\\/01\\\/GD-11-jan26-724x1024.png\",\"articleSection\":[\"\u00c9v\u00e8nements\"],\"inLanguage\":\"fr-FR\"},{\"@type\":\"WebPage\",\"@id\":\"https:\\\/\\\/asso-detours91.fr\\\/index.php\\\/2026\\\/01\\\/04\\\/gouter-different-dimanche-11-janvier-de-15h-a-17h\\\/\",\"url\":\"https:\\\/\\\/asso-detours91.fr\\\/index.php\\\/2026\\\/01\\\/04\\\/gouter-different-dimanche-11-janvier-de-15h-a-17h\\\/\",\"name\":\"\\\"Go\u00fbter Diff\u00e9rent\\\" dimanche 11 janvier de 15h \u00e0 17h -\",\"isPartOf\":{\"@id\":\"https:\\\/\\\/asso-detours91.fr\\\/#website\"},\"primaryImageOfPage\":{\"@id\":\"https:\\\/\\\/asso-detours91.fr\\\/index.php\\\/2026\\\/01\\\/04\\\/gouter-different-dimanche-11-janvier-de-15h-a-17h\\\/#primaryimage\"},\"image\":{\"@id\":\"https:\\\/\\\/asso-detours91.fr\\\/index.php\\\/2026\\\/01\\\/04\\\/gouter-different-dimanche-11-janvier-de-15h-a-17h\\\/#primaryimage\"},\"thumbnailUrl\":\"https:\\\/\\\/asso-detours91.fr\\\/wp-content\\\/uploads\\\/2026\\\/01\\\/GD-11-jan26-724x1024.png\",\"datePublished\":\"2026-01-04T10:37:20+00:00\",\"dateModified\":\"2026-01-04T10:37:22+00:00\",\"breadcrumb\":{\"@id\":\"https:\\\/\\\/asso-detours91.fr\\\/index.php\\\/2026\\\/01\\\/04\\\/gouter-different-dimanche-11-janvier-de-15h-a-17h\\\/#breadcrumb\"},\"inLanguage\":\"fr-FR\",\"potentialAction\":[{\"@type\":\"ReadAction\",\"target\":[\"https:\\\/\\\/asso-detours91.fr\\\/index.php\\\/2026\\\/01\\\/04\\\/gouter-different-dimanche-11-janvier-de-15h-a-17h\\\/\"]}]},{\"@type\":\"ImageObject\",\"inLanguage\":\"fr-FR\",\"@id\":\"https:\\\/\\\/asso-detours91.fr\\\/index.php\\\/2026\\\/01\\\/04\\\/gouter-different-dimanche-11-janvier-de-15h-a-17h\\\/#primaryimage\",\"url\":\"https:\\\/\\\/asso-detours91.fr\\\/wp-content\\\/uploads\\\/2026\\\/01\\\/GD-11-jan26.png\",\"contentUrl\":\"https:\\\/\\\/asso-detours91.fr\\\/wp-content\\\/uploads\\\/2026\\\/01\\\/GD-11-jan26.png\",\"width\":1587,\"height\":2245},{\"@type\":\"BreadcrumbList\",\"@id\":\"https:\\\/\\\/asso-detours91.fr\\\/index.php\\\/2026\\\/01\\\/04\\\/gouter-different-dimanche-11-janvier-de-15h-a-17h\\\/#breadcrumb\",\"itemListElement\":[{\"@type\":\"ListItem\",\"position\":1,\"name\":\"Accueil\",\"item\":\"https:\\\/\\\/asso-detours91.fr\\\/\"},{\"@type\":\"ListItem\",\"position\":2,\"name\":\"\u00ab\u00a0Go\u00fbter Diff\u00e9rent\u00a0\u00bb dimanche 11 janvier de 15h \u00e0 17h\"}]},{\"@type\":\"WebSite\",\"@id\":\"https:\\\/\\\/asso-detours91.fr\\\/#website\",\"url\":\"https:\\\/\\\/asso-detours91.fr\\\/\",\"name\":\"Association D\u00e9tours\",\"description\":\"Faire des d\u00e9tours, changer de regard ...\",\"publisher\":{\"@id\":\"https:\\\/\\\/asso-detours91.fr\\\/#organization\"},\"inLanguage\":\"fr-FR\"},{\"@type\":\"Organization\",\"@id\":\"https:\\\/\\\/asso-detours91.fr\\\/#organization\",\"name\":\"Association D\u00e9tours\",\"url\":\"https:\\\/\\\/asso-detours91.fr\\\/\",\"logo\":{\"@type\":\"ImageObject\",\"inLanguage\":\"fr-FR\",\"@id\":\"https:\\\/\\\/asso-detours91.fr\\\/#\\\/schema\\\/logo\\\/image\\\/\",\"url\":\"https:\\\/\\\/asso-detours91.fr\\\/wp-content\\\/uploads\\\/2025\\\/10\\\/cropped-kids-5741934_960_720.png\",\"contentUrl\":\"https:\\\/\\\/asso-detours91.fr\\\/wp-content\\\/uploads\\\/2025\\\/10\\\/cropped-kids-5741934_960_720.png\",\"width\":956,\"height\":580,\"caption\":\"Association D\u00e9tours\"},\"image\":{\"@id\":\"https:\\\/\\\/asso-detours91.fr\\\/#\\\/schema\\\/logo\\\/image\\\/\"},\"sameAs\":[\"https:\\\/\\\/www.facebook.com\\\/detours91\"]},{\"@type\":\"Person\",\"@id\":\"https:\\\/\\\/asso-detours91.fr\\\/#\\\/schema\\\/person\\\/95d1143d2b93d63d8276ee14a0673ba1\",\"name\":\"Antoine Schussler\",\"image\":{\"@type\":\"ImageObject\",\"inLanguage\":\"fr-FR\",\"@id\":\"https:\\\/\\\/secure.gravatar.com\\\/avatar\\\/76229ae50354425f7d7be60232c039d2d36bef48d975fa9a2f9074b1411b12ef?s=96&d=mm&r=g\",\"url\":\"https:\\\/\\\/secure.gravatar.com\\\/avatar\\\/76229ae50354425f7d7be60232c039d2d36bef48d975fa9a2f9074b1411b12ef?s=96&d=mm&r=g\",\"contentUrl\":\"https:\\\/\\\/secure.gravatar.com\\\/avatar\\\/76229ae50354425f7d7be60232c039d2d36bef48d975fa9a2f9074b1411b12ef?s=96&d=mm&r=g\",\"caption\":\"Antoine Schussler\"},\"url\":\"https:\\\/\\\/asso-detours91.fr\\\/index.php\\\/author\\\/antoine_schussler\\\/\"}]}<\/script>\n<!-- \/ Yoast SEO plugin. -->","yoast_head_json":{"title":"\"Go\u00fbter Diff\u00e9rent\" dimanche 11 janvier de 15h \u00e0 17h -","robots":{"index":"index","follow":"follow","max-snippet":"max-snippet:-1","max-image-preview":"max-image-preview:large","max-video-preview":"max-video-preview:-1"},"canonical":"https:\/\/asso-detours91.fr\/index.php\/2026\/01\/04\/gouter-different-dimanche-11-janvier-de-15h-a-17h\/","og_locale":"fr_FR","og_type":"article","og_title":"\"Go\u00fbter Diff\u00e9rent\" dimanche 11 janvier de 15h \u00e0 17h -","og_description":"Message de Myriam, pour l&rsquo;ensemble des\u00a0b\u00e9n\u00e9voles de \u00ab\u00a0Handicap \u00e0 l&rsquo;\u00e9cole\u00a0\u00bb: Pour bien commencer l&rsquo;ann\u00e9e, nous vous rappelons que nous organisons un Go\u00fbter Diff\u00e9rent\u00a0dimanche 11 janvier de 15h \u00e0 17h\u00a0\u00e0 l&rsquo;Espace du Val de Gif (place du Chapitre, au dessus du Lidl). Nous accueillerons Nicolas, qui proposera un joli spectacle de magie avec des ballons de [&hellip;]","og_url":"https:\/\/asso-detours91.fr\/index.php\/2026\/01\/04\/gouter-different-dimanche-11-janvier-de-15h-a-17h\/","article_publisher":"https:\/\/www.facebook.com\/detours91","article_published_time":"2026-01-04T10:37:20+00:00","article_modified_time":"2026-01-04T10:37:22+00:00","og_image":[{"width":1587,"height":2245,"url":"https:\/\/asso-detours91.fr\/wp-content\/uploads\/2026\/01\/GD-11-jan26.png","type":"image\/png"}],"author":"Antoine Schussler","twitter_card":"summary_large_image","twitter_misc":{"\u00c9crit par":"Antoine Schussler","Dur\u00e9e de lecture estim\u00e9e":"1 minute"},"schema":{"@context":"https:\/\/schema.org","@graph":[{"@type":"Article","@id":"https:\/\/asso-detours91.fr\/index.php\/2026\/01\/04\/gouter-different-dimanche-11-janvier-de-15h-a-17h\/#article","isPartOf":{"@id":"https:\/\/asso-detours91.fr\/index.php\/2026\/01\/04\/gouter-different-dimanche-11-janvier-de-15h-a-17h\/"},"author":{"name":"Antoine Schussler","@id":"https:\/\/asso-detours91.fr\/#\/schema\/person\/95d1143d2b93d63d8276ee14a0673ba1"},"headline":"\u00ab\u00a0Go\u00fbter Diff\u00e9rent\u00a0\u00bb dimanche 11 janvier de 15h \u00e0 17h","datePublished":"2026-01-04T10:37:20+00:00","dateModified":"2026-01-04T10:37:22+00:00","mainEntityOfPage":{"@id":"https:\/\/asso-detours91.fr\/index.php\/2026\/01\/04\/gouter-different-dimanche-11-janvier-de-15h-a-17h\/"},"wordCount":174,"publisher":{"@id":"https:\/\/asso-detours91.fr\/#organization"},"image":{"@id":"https:\/\/asso-detours91.fr\/index.php\/2026\/01\/04\/gouter-different-dimanche-11-janvier-de-15h-a-17h\/#primaryimage"},"thumbnailUrl":"https:\/\/asso-detours91.fr\/wp-content\/uploads\/2026\/01\/GD-11-jan26-724x1024.png","articleSection":["\u00c9v\u00e8nements"],"inLanguage":"fr-FR"},{"@type":"WebPage","@id":"https:\/\/asso-detours91.fr\/index.php\/2026\/01\/04\/gouter-different-dimanche-11-janvier-de-15h-a-17h\/","url":"https:\/\/asso-detours91.fr\/index.php\/2026\/01\/04\/gouter-different-dimanche-11-janvier-de-15h-a-17h\/","name":"\"Go\u00fbter Diff\u00e9rent\" dimanche 11 janvier de 15h \u00e0 17h -","isPartOf":{"@id":"https:\/\/asso-detours91.fr\/#website"},"primaryImageOfPage":{"@id":"https:\/\/asso-detours91.fr\/index.php\/2026\/01\/04\/gouter-different-dimanche-11-janvier-de-15h-a-17h\/#primaryimage"},"image":{"@id":"https:\/\/asso-detours91.fr\/index.php\/2026\/01\/04\/gouter-different-dimanche-11-janvier-de-15h-a-17h\/#primaryimage"},"thumbnailUrl":"https:\/\/asso-detours91.fr\/wp-content\/uploads\/2026\/01\/GD-11-jan26-724x1024.png","datePublished":"2026-01-04T10:37:20+00:00","dateModified":"2026-01-04T10:37:22+00:00","breadcrumb":{"@id":"https:\/\/asso-detours91.fr\/index.php\/2026\/01\/04\/gouter-different-dimanche-11-janvier-de-15h-a-17h\/#breadcrumb"},"inLanguage":"fr-FR","potentialAction":[{"@type":"ReadAction","target":["https:\/\/asso-detours91.fr\/index.php\/2026\/01\/04\/gouter-different-dimanche-11-janvier-de-15h-a-17h\/"]}]},{"@type":"ImageObject","inLanguage":"fr-FR","@id":"https:\/\/asso-detours91.fr\/index.php\/2026\/01\/04\/gouter-different-dimanche-11-janvier-de-15h-a-17h\/#primaryimage","url":"https:\/\/asso-detours91.fr\/wp-content\/uploads\/2026\/01\/GD-11-jan26.png","contentUrl":"https:\/\/asso-detours91.fr\/wp-content\/uploads\/2026\/01\/GD-11-jan26.png","width":1587,"height":2245},{"@type":"BreadcrumbList","@id":"https:\/\/asso-detours91.fr\/index.php\/2026\/01\/04\/gouter-different-dimanche-11-janvier-de-15h-a-17h\/#breadcrumb","itemListElement":[{"@type":"ListItem","position":1,"name":"Accueil","item":"https:\/\/asso-detours91.fr\/"},{"@type":"ListItem","position":2,"name":"\u00ab\u00a0Go\u00fbter Diff\u00e9rent\u00a0\u00bb dimanche 11 janvier de 15h \u00e0 17h"}]},{"@type":"WebSite","@id":"https:\/\/asso-detours91.fr\/#website","url":"https:\/\/asso-detours91.fr\/","name":"Association D\u00e9tours","description":"Faire des d\u00e9tours, changer de regard ...","publisher":{"@id":"https:\/\/asso-detours91.fr\/#organization"},"inLanguage":"fr-FR"},{"@type":"Organization","@id":"https:\/\/asso-detours91.fr\/#organization","name":"Association D\u00e9tours","url":"https:\/\/asso-detours91.fr\/","logo":{"@type":"ImageObject","inLanguage":"fr-FR","@id":"https:\/\/asso-detours91.fr\/#\/schema\/logo\/image\/","url":"https:\/\/asso-detours91.fr\/wp-content\/uploads\/2025\/10\/cropped-kids-5741934_960_720.png","contentUrl":"https:\/\/asso-detours91.fr\/wp-content\/uploads\/2025\/10\/cropped-kids-5741934_960_720.png","width":956,"height":580,"caption":"Association D\u00e9tours"},"image":{"@id":"https:\/\/asso-detours91.fr\/#\/schema\/logo\/image\/"},"sameAs":["https:\/\/www.facebook.com\/detours91"]},{"@type":"Person","@id":"https:\/\/asso-detours91.fr\/#\/schema\/person\/95d1143d2b93d63d8276ee14a0673ba1","name":"Antoine Schussler","image":{"@type":"ImageObject","inLanguage":"fr-FR","@id":"https:\/\/secure.gravatar.com\/avatar\/76229ae50354425f7d7be60232c039d2d36bef48d975fa9a2f9074b1411b12ef?s=96&d=mm&r=g","url":"https:\/\/secure.gravatar.com\/avatar\/76229ae50354425f7d7be60232c039d2d36bef48d975fa9a2f9074b1411b12ef?s=96&d=mm&r=g","contentUrl":"https:\/\/secure.gravatar.com\/avatar\/76229ae50354425f7d7be60232c039d2d36bef48d975fa9a2f9074b1411b12ef?s=96&d=mm&r=g","caption":"Antoine Schussler"},"url":"https:\/\/asso-detours91.fr\/index.php\/author\/antoine_schussler\/"}]}},"jetpack_featured_media_url":"","jetpack_sharing_enabled":true,"_links":{"self":[{"href":"https:\/\/asso-detours91.fr\/index.php\/wp-json\/wp\/v2\/posts\/290","targetHints":{"allow":["GET"]}}],"collection":[{"href":"https:\/\/asso-detours91.fr\/index.php\/wp-json\/wp\/v2\/posts"}],"about":[{"href":"https:\/\/asso-detours91.fr\/index.php\/wp-json\/wp\/v2\/types\/post"}],"author":[{"embeddable":true,"href":"https:\/\/asso-detours91.fr\/index.php\/wp-json\/wp\/v2\/users\/3"}],"replies":[{"embeddable":true,"href":"https:\/\/asso-detours91.fr\/index.php\/wp-json\/wp\/v2\/comments?post=290"}],"version-history":[{"count":1,"href":"https:\/\/asso-detours91.fr\/index.php\/wp-json\/wp\/v2\/posts\/290\/revisions"}],"predecessor-version":[{"id":292,"href":"https:\/\/asso-detours91.fr\/index.php\/wp-json\/wp\/v2\/posts\/290\/revisions\/292"}],"wp:attachment":[{"href":"https:\/\/asso-detours91.fr\/index.php\/wp-json\/wp\/v2\/media?parent=290"}],"wp:term":[{"taxonomy":"category","embeddable":true,"href":"https:\/\/asso-detours91.fr\/index.php\/wp-json\/wp\/v2\/categories?post=290"},{"taxonomy":"post_tag","embeddable":true,"href":"https:\/\/asso-detours91.fr\/index.php\/wp-json\/wp\/v2\/tags?post=290"}],"curies":[{"name":"wp","href":"https:\/\/api.w.org\/{rel}","templated":true}]}}