{"id":287,"date":"2025-12-15T22:53:49","date_gmt":"2025-12-15T21:53:49","guid":{"rendered":"https:\/\/asso-detours91.fr\/?p=287"},"modified":"2025-12-15T22:53:50","modified_gmt":"2025-12-15T21:53:50","slug":"atelier-arts-creatifs-special","status":"publish","type":"post","link":"https:\/\/asso-detours91.fr\/index.php\/2025\/12\/15\/atelier-arts-creatifs-special\/","title":{"rendered":"Atelier arts cr\u00e9atifs sp\u00e9cial"},"content":{"rendered":"\n<h3 class=\"wp-block-heading\"><strong>Jeudi 2 janvier \u00e0 14h<\/strong><\/h3>\n\n\n\n<p>Atelier propos\u00e9 et anim\u00e9 par Lise et Marie.<br>Il accueillera les membres du GEM, ceux de D\u00e9tours, ainsi que les proches.<\/p>\n\n\n\n<p>Maison pour Tous de Courdimanche, LCR 15 aux Ulis.<br>Pour que l\u2019activit\u00e9 reste agr\u00e9able,\u00a0<strong>les 3 salles seront utilis\u00e9es<\/strong>\u00a0et\u00a0<strong>l\u2019inscription est obligatoire<\/strong>.<br>Le nombre maximal est fix\u00e9 \u00e0\u00a0<strong>16 personnes (proches compris)<\/strong>.<\/p>\n\n\n\n<p>Pour vous inscrire, merci de vous adresser \u00e0\u00a0<strong>Marie, Lise ou <\/strong>Nicolas LEMAIRE:\u00a0<a href=\"mailto:gemtsa91@gmail.com\" target=\"_blank\" rel=\"noreferrer noopener\">gemtsa91@gmail.com<\/a><\/p>\n\n\n\n<figure class=\"wp-block-image size-full\"><img loading=\"lazy\" decoding=\"async\" width=\"516\" height=\"731\" src=\"https:\/\/asso-detours91.fr\/wp-content\/uploads\/2025\/12\/Capture-de\u0301cran-2025-12-15-a\u0300-22.49.59.png\" alt=\"\" class=\"wp-image-288\" srcset=\"https:\/\/asso-detours91.fr\/wp-content\/uploads\/2025\/12\/Capture-de\u0301cran-2025-12-15-a\u0300-22.49.59.png 516w, https:\/\/asso-detours91.fr\/wp-content\/uploads\/2025\/12\/Capture-de\u0301cran-2025-12-15-a\u0300-22.49.59-212x300.png 212w\" sizes=\"auto, (max-width: 516px) 100vw, 516px\" \/><\/figure>\n","protected":false},"excerpt":{"rendered":"<p>Jeudi 2 janvier \u00e0 14h Atelier propos\u00e9 et anim\u00e9 par Lise et Marie.Il accueillera les membres du GEM, ceux de D\u00e9tours, ainsi que les proches. Maison pour Tous de Courdimanche, LCR 15 aux Ulis.Pour que l\u2019activit\u00e9 reste agr\u00e9able,\u00a0les 3 salles seront utilis\u00e9es\u00a0et\u00a0l\u2019inscription est obligatoire.Le nombre maximal est fix\u00e9 \u00e0\u00a016 personnes (proches compris). Pour vous inscrire, [&hellip;]<\/p>\n","protected":false},"author":3,"featured_media":0,"comment_status":"closed","ping_status":"closed","sticky":false,"template":"","format":"standard","meta":{"jetpack_post_was_ever_published":false,"_jetpack_newsletter_access":"","_jetpack_dont_email_post_to_subs":false,"_jetpack_newsletter_tier_id":0,"_jetpack_memberships_contains_paywalled_content":false,"_jetpack_memberships_contains_paid_content":false,"footnotes":""},"categories":[4],"tags":[],"class_list":["post-287","post","type-post","status-publish","format-standard","hentry","category-evenements"],"yoast_head":"<!-- This site is optimized with the Yoast SEO plugin v27.4 - https:\/\/yoast.com\/product\/yoast-seo-wordpress\/ -->\n<title>Atelier arts cr\u00e9atifs sp\u00e9cial -<\/title>\n<meta name=\"robots\" content=\"index, follow, max-snippet:-1, max-image-preview:large, max-video-preview:-1\" \/>\n<link rel=\"canonical\" href=\"https:\/\/asso-detours91.fr\/index.php\/2025\/12\/15\/atelier-arts-creatifs-special\/\" \/>\n<meta property=\"og:locale\" content=\"fr_FR\" \/>\n<meta property=\"og:type\" content=\"article\" \/>\n<meta property=\"og:title\" content=\"Atelier arts cr\u00e9atifs sp\u00e9cial -\" \/>\n<meta property=\"og:description\" content=\"Jeudi 2 janvier \u00e0 14h Atelier propos\u00e9 et anim\u00e9 par Lise et Marie.Il accueillera les membres du GEM, ceux de D\u00e9tours, ainsi que les proches. Maison pour Tous de Courdimanche, LCR 15 aux Ulis.Pour que l\u2019activit\u00e9 reste agr\u00e9able,\u00a0les 3 salles seront utilis\u00e9es\u00a0et\u00a0l\u2019inscription est obligatoire.Le nombre maximal est fix\u00e9 \u00e0\u00a016 personnes (proches compris). Pour vous inscrire, [&hellip;]\" \/>\n<meta property=\"og:url\" content=\"https:\/\/asso-detours91.fr\/index.php\/2025\/12\/15\/atelier-arts-creatifs-special\/\" \/>\n<meta property=\"article:publisher\" content=\"https:\/\/www.facebook.com\/detours91\" \/>\n<meta property=\"article:published_time\" content=\"2025-12-15T21:53:49+00:00\" \/>\n<meta property=\"article:modified_time\" content=\"2025-12-15T21:53:50+00:00\" \/>\n<meta name=\"author\" content=\"Antoine Schussler\" \/>\n<meta name=\"twitter:card\" content=\"summary_large_image\" \/>\n<meta name=\"twitter:label1\" content=\"\u00c9crit par\" \/>\n\t<meta name=\"twitter:data1\" content=\"Antoine Schussler\" \/>\n\t<meta name=\"twitter:label2\" content=\"Dur\u00e9e de lecture estim\u00e9e\" \/>\n\t<meta name=\"twitter:data2\" content=\"1 minute\" \/>\n<script type=\"application\/ld+json\" class=\"yoast-schema-graph\">{\"@context\":\"https:\\\/\\\/schema.org\",\"@graph\":[{\"@type\":\"Article\",\"@id\":\"https:\\\/\\\/asso-detours91.fr\\\/index.php\\\/2025\\\/12\\\/15\\\/atelier-arts-creatifs-special\\\/#article\",\"isPartOf\":{\"@id\":\"https:\\\/\\\/asso-detours91.fr\\\/index.php\\\/2025\\\/12\\\/15\\\/atelier-arts-creatifs-special\\\/\"},\"author\":{\"name\":\"Antoine Schussler\",\"@id\":\"https:\\\/\\\/asso-detours91.fr\\\/#\\\/schema\\\/person\\\/95d1143d2b93d63d8276ee14a0673ba1\"},\"headline\":\"Atelier arts cr\u00e9atifs sp\u00e9cial\",\"datePublished\":\"2025-12-15T21:53:49+00:00\",\"dateModified\":\"2025-12-15T21:53:50+00:00\",\"mainEntityOfPage\":{\"@id\":\"https:\\\/\\\/asso-detours91.fr\\\/index.php\\\/2025\\\/12\\\/15\\\/atelier-arts-creatifs-special\\\/\"},\"wordCount\":79,\"publisher\":{\"@id\":\"https:\\\/\\\/asso-detours91.fr\\\/#organization\"},\"articleSection\":[\"\u00c9v\u00e8nements\"],\"inLanguage\":\"fr-FR\"},{\"@type\":\"WebPage\",\"@id\":\"https:\\\/\\\/asso-detours91.fr\\\/index.php\\\/2025\\\/12\\\/15\\\/atelier-arts-creatifs-special\\\/\",\"url\":\"https:\\\/\\\/asso-detours91.fr\\\/index.php\\\/2025\\\/12\\\/15\\\/atelier-arts-creatifs-special\\\/\",\"name\":\"Atelier arts cr\u00e9atifs sp\u00e9cial -\",\"isPartOf\":{\"@id\":\"https:\\\/\\\/asso-detours91.fr\\\/#website\"},\"datePublished\":\"2025-12-15T21:53:49+00:00\",\"dateModified\":\"2025-12-15T21:53:50+00:00\",\"breadcrumb\":{\"@id\":\"https:\\\/\\\/asso-detours91.fr\\\/index.php\\\/2025\\\/12\\\/15\\\/atelier-arts-creatifs-special\\\/#breadcrumb\"},\"inLanguage\":\"fr-FR\",\"potentialAction\":[{\"@type\":\"ReadAction\",\"target\":[\"https:\\\/\\\/asso-detours91.fr\\\/index.php\\\/2025\\\/12\\\/15\\\/atelier-arts-creatifs-special\\\/\"]}]},{\"@type\":\"BreadcrumbList\",\"@id\":\"https:\\\/\\\/asso-detours91.fr\\\/index.php\\\/2025\\\/12\\\/15\\\/atelier-arts-creatifs-special\\\/#breadcrumb\",\"itemListElement\":[{\"@type\":\"ListItem\",\"position\":1,\"name\":\"Accueil\",\"item\":\"https:\\\/\\\/asso-detours91.fr\\\/\"},{\"@type\":\"ListItem\",\"position\":2,\"name\":\"Atelier arts cr\u00e9atifs sp\u00e9cial\"}]},{\"@type\":\"WebSite\",\"@id\":\"https:\\\/\\\/asso-detours91.fr\\\/#website\",\"url\":\"https:\\\/\\\/asso-detours91.fr\\\/\",\"name\":\"Association D\u00e9tours\",\"description\":\"Faire des d\u00e9tours, changer de regard ...\",\"publisher\":{\"@id\":\"https:\\\/\\\/asso-detours91.fr\\\/#organization\"},\"inLanguage\":\"fr-FR\"},{\"@type\":\"Organization\",\"@id\":\"https:\\\/\\\/asso-detours91.fr\\\/#organization\",\"name\":\"Association D\u00e9tours\",\"url\":\"https:\\\/\\\/asso-detours91.fr\\\/\",\"logo\":{\"@type\":\"ImageObject\",\"inLanguage\":\"fr-FR\",\"@id\":\"https:\\\/\\\/asso-detours91.fr\\\/#\\\/schema\\\/logo\\\/image\\\/\",\"url\":\"https:\\\/\\\/asso-detours91.fr\\\/wp-content\\\/uploads\\\/2025\\\/10\\\/cropped-kids-5741934_960_720.png\",\"contentUrl\":\"https:\\\/\\\/asso-detours91.fr\\\/wp-content\\\/uploads\\\/2025\\\/10\\\/cropped-kids-5741934_960_720.png\",\"width\":956,\"height\":580,\"caption\":\"Association D\u00e9tours\"},\"image\":{\"@id\":\"https:\\\/\\\/asso-detours91.fr\\\/#\\\/schema\\\/logo\\\/image\\\/\"},\"sameAs\":[\"https:\\\/\\\/www.facebook.com\\\/detours91\"]},{\"@type\":\"Person\",\"@id\":\"https:\\\/\\\/asso-detours91.fr\\\/#\\\/schema\\\/person\\\/95d1143d2b93d63d8276ee14a0673ba1\",\"name\":\"Antoine Schussler\",\"image\":{\"@type\":\"ImageObject\",\"inLanguage\":\"fr-FR\",\"@id\":\"https:\\\/\\\/secure.gravatar.com\\\/avatar\\\/76229ae50354425f7d7be60232c039d2d36bef48d975fa9a2f9074b1411b12ef?s=96&d=mm&r=g\",\"url\":\"https:\\\/\\\/secure.gravatar.com\\\/avatar\\\/76229ae50354425f7d7be60232c039d2d36bef48d975fa9a2f9074b1411b12ef?s=96&d=mm&r=g\",\"contentUrl\":\"https:\\\/\\\/secure.gravatar.com\\\/avatar\\\/76229ae50354425f7d7be60232c039d2d36bef48d975fa9a2f9074b1411b12ef?s=96&d=mm&r=g\",\"caption\":\"Antoine Schussler\"},\"url\":\"https:\\\/\\\/asso-detours91.fr\\\/index.php\\\/author\\\/antoine_schussler\\\/\"}]}<\/script>\n<!-- \/ Yoast SEO plugin. -->","yoast_head_json":{"title":"Atelier arts cr\u00e9atifs sp\u00e9cial -","robots":{"index":"index","follow":"follow","max-snippet":"max-snippet:-1","max-image-preview":"max-image-preview:large","max-video-preview":"max-video-preview:-1"},"canonical":"https:\/\/asso-detours91.fr\/index.php\/2025\/12\/15\/atelier-arts-creatifs-special\/","og_locale":"fr_FR","og_type":"article","og_title":"Atelier arts cr\u00e9atifs sp\u00e9cial -","og_description":"Jeudi 2 janvier \u00e0 14h Atelier propos\u00e9 et anim\u00e9 par Lise et Marie.Il accueillera les membres du GEM, ceux de D\u00e9tours, ainsi que les proches. Maison pour Tous de Courdimanche, LCR 15 aux Ulis.Pour que l\u2019activit\u00e9 reste agr\u00e9able,\u00a0les 3 salles seront utilis\u00e9es\u00a0et\u00a0l\u2019inscription est obligatoire.Le nombre maximal est fix\u00e9 \u00e0\u00a016 personnes (proches compris). Pour vous inscrire, [&hellip;]","og_url":"https:\/\/asso-detours91.fr\/index.php\/2025\/12\/15\/atelier-arts-creatifs-special\/","article_publisher":"https:\/\/www.facebook.com\/detours91","article_published_time":"2025-12-15T21:53:49+00:00","article_modified_time":"2025-12-15T21:53:50+00:00","author":"Antoine Schussler","twitter_card":"summary_large_image","twitter_misc":{"\u00c9crit par":"Antoine Schussler","Dur\u00e9e de lecture estim\u00e9e":"1 minute"},"schema":{"@context":"https:\/\/schema.org","@graph":[{"@type":"Article","@id":"https:\/\/asso-detours91.fr\/index.php\/2025\/12\/15\/atelier-arts-creatifs-special\/#article","isPartOf":{"@id":"https:\/\/asso-detours91.fr\/index.php\/2025\/12\/15\/atelier-arts-creatifs-special\/"},"author":{"name":"Antoine Schussler","@id":"https:\/\/asso-detours91.fr\/#\/schema\/person\/95d1143d2b93d63d8276ee14a0673ba1"},"headline":"Atelier arts cr\u00e9atifs sp\u00e9cial","datePublished":"2025-12-15T21:53:49+00:00","dateModified":"2025-12-15T21:53:50+00:00","mainEntityOfPage":{"@id":"https:\/\/asso-detours91.fr\/index.php\/2025\/12\/15\/atelier-arts-creatifs-special\/"},"wordCount":79,"publisher":{"@id":"https:\/\/asso-detours91.fr\/#organization"},"articleSection":["\u00c9v\u00e8nements"],"inLanguage":"fr-FR"},{"@type":"WebPage","@id":"https:\/\/asso-detours91.fr\/index.php\/2025\/12\/15\/atelier-arts-creatifs-special\/","url":"https:\/\/asso-detours91.fr\/index.php\/2025\/12\/15\/atelier-arts-creatifs-special\/","name":"Atelier arts cr\u00e9atifs sp\u00e9cial -","isPartOf":{"@id":"https:\/\/asso-detours91.fr\/#website"},"datePublished":"2025-12-15T21:53:49+00:00","dateModified":"2025-12-15T21:53:50+00:00","breadcrumb":{"@id":"https:\/\/asso-detours91.fr\/index.php\/2025\/12\/15\/atelier-arts-creatifs-special\/#breadcrumb"},"inLanguage":"fr-FR","potentialAction":[{"@type":"ReadAction","target":["https:\/\/asso-detours91.fr\/index.php\/2025\/12\/15\/atelier-arts-creatifs-special\/"]}]},{"@type":"BreadcrumbList","@id":"https:\/\/asso-detours91.fr\/index.php\/2025\/12\/15\/atelier-arts-creatifs-special\/#breadcrumb","itemListElement":[{"@type":"ListItem","position":1,"name":"Accueil","item":"https:\/\/asso-detours91.fr\/"},{"@type":"ListItem","position":2,"name":"Atelier arts cr\u00e9atifs sp\u00e9cial"}]},{"@type":"WebSite","@id":"https:\/\/asso-detours91.fr\/#website","url":"https:\/\/asso-detours91.fr\/","name":"Association D\u00e9tours","description":"Faire des d\u00e9tours, changer de regard ...","publisher":{"@id":"https:\/\/asso-detours91.fr\/#organization"},"inLanguage":"fr-FR"},{"@type":"Organization","@id":"https:\/\/asso-detours91.fr\/#organization","name":"Association D\u00e9tours","url":"https:\/\/asso-detours91.fr\/","logo":{"@type":"ImageObject","inLanguage":"fr-FR","@id":"https:\/\/asso-detours91.fr\/#\/schema\/logo\/image\/","url":"https:\/\/asso-detours91.fr\/wp-content\/uploads\/2025\/10\/cropped-kids-5741934_960_720.png","contentUrl":"https:\/\/asso-detours91.fr\/wp-content\/uploads\/2025\/10\/cropped-kids-5741934_960_720.png","width":956,"height":580,"caption":"Association D\u00e9tours"},"image":{"@id":"https:\/\/asso-detours91.fr\/#\/schema\/logo\/image\/"},"sameAs":["https:\/\/www.facebook.com\/detours91"]},{"@type":"Person","@id":"https:\/\/asso-detours91.fr\/#\/schema\/person\/95d1143d2b93d63d8276ee14a0673ba1","name":"Antoine Schussler","image":{"@type":"ImageObject","inLanguage":"fr-FR","@id":"https:\/\/secure.gravatar.com\/avatar\/76229ae50354425f7d7be60232c039d2d36bef48d975fa9a2f9074b1411b12ef?s=96&d=mm&r=g","url":"https:\/\/secure.gravatar.com\/avatar\/76229ae50354425f7d7be60232c039d2d36bef48d975fa9a2f9074b1411b12ef?s=96&d=mm&r=g","contentUrl":"https:\/\/secure.gravatar.com\/avatar\/76229ae50354425f7d7be60232c039d2d36bef48d975fa9a2f9074b1411b12ef?s=96&d=mm&r=g","caption":"Antoine Schussler"},"url":"https:\/\/asso-detours91.fr\/index.php\/author\/antoine_schussler\/"}]}},"jetpack_featured_media_url":"","jetpack_sharing_enabled":true,"_links":{"self":[{"href":"https:\/\/asso-detours91.fr\/index.php\/wp-json\/wp\/v2\/posts\/287","targetHints":{"allow":["GET"]}}],"collection":[{"href":"https:\/\/asso-detours91.fr\/index.php\/wp-json\/wp\/v2\/posts"}],"about":[{"href":"https:\/\/asso-detours91.fr\/index.php\/wp-json\/wp\/v2\/types\/post"}],"author":[{"embeddable":true,"href":"https:\/\/asso-detours91.fr\/index.php\/wp-json\/wp\/v2\/users\/3"}],"replies":[{"embeddable":true,"href":"https:\/\/asso-detours91.fr\/index.php\/wp-json\/wp\/v2\/comments?post=287"}],"version-history":[{"count":1,"href":"https:\/\/asso-detours91.fr\/index.php\/wp-json\/wp\/v2\/posts\/287\/revisions"}],"predecessor-version":[{"id":289,"href":"https:\/\/asso-detours91.fr\/index.php\/wp-json\/wp\/v2\/posts\/287\/revisions\/289"}],"wp:attachment":[{"href":"https:\/\/asso-detours91.fr\/index.php\/wp-json\/wp\/v2\/media?parent=287"}],"wp:term":[{"taxonomy":"category","embeddable":true,"href":"https:\/\/asso-detours91.fr\/index.php\/wp-json\/wp\/v2\/categories?post=287"},{"taxonomy":"post_tag","embeddable":true,"href":"https:\/\/asso-detours91.fr\/index.php\/wp-json\/wp\/v2\/tags?post=287"}],"curies":[{"name":"wp","href":"https:\/\/api.w.org\/{rel}","templated":true}]}}