{"id":283,"date":"2025-11-28T15:54:24","date_gmt":"2025-11-28T14:54:24","guid":{"rendered":"https:\/\/asso-detours91.fr\/?p=283"},"modified":"2025-11-28T15:54:26","modified_gmt":"2025-11-28T14:54:26","slug":"groupe-de-parole-jeudi-4-decembre","status":"publish","type":"post","link":"https:\/\/asso-detours91.fr\/index.php\/2025\/11\/28\/groupe-de-parole-jeudi-4-decembre\/","title":{"rendered":"Groupe de parole jeudi 4 d\u00e9cembre"},"content":{"rendered":"\n<p>Le prochain groupe de parole aura lieu le\u00a0<strong>jeudi 4 d\u00e9cembre<\/strong> de 20h30 \u00e0 22h30.<\/p>\n\n\n\n<p>L&rsquo;inscription est obligatoire car il s&rsquo;agit d&rsquo;un groupe plus intime. Cette inscription pr\u00e9alable se fait aupr\u00e8s de Mathilde Jachym en envoyant un mail \u00e0 associationdetours91@gmail.com<br>Le groupe de parole se tiendra au 15 LCR de Courdimanche aux Ulis (C&rsquo;est \u00e0 quelques m\u00e8tres de la MPT de Courdimanche).<\/p>\n\n\n\n<p><\/p>\n","protected":false},"excerpt":{"rendered":"<p>Le prochain groupe de parole aura lieu le\u00a0jeudi 4 d\u00e9cembre de 20h30 \u00e0 22h30. L&rsquo;inscription est obligatoire car il s&rsquo;agit d&rsquo;un groupe plus intime. Cette inscription pr\u00e9alable se fait aupr\u00e8s de Mathilde Jachym en envoyant un mail \u00e0 associationdetours91@gmail.comLe groupe de parole se tiendra au 15 LCR de Courdimanche aux Ulis (C&rsquo;est \u00e0 quelques m\u00e8tres [&hellip;]<\/p>\n","protected":false},"author":3,"featured_media":0,"comment_status":"closed","ping_status":"closed","sticky":false,"template":"","format":"standard","meta":{"jetpack_post_was_ever_published":false,"_jetpack_newsletter_access":"","_jetpack_dont_email_post_to_subs":false,"_jetpack_newsletter_tier_id":0,"_jetpack_memberships_contains_paywalled_content":false,"_jetpack_memberships_contains_paid_content":false,"footnotes":""},"categories":[4],"tags":[],"class_list":["post-283","post","type-post","status-publish","format-standard","hentry","category-evenements"],"yoast_head":"<!-- This site is optimized with the Yoast SEO plugin v27.4 - https:\/\/yoast.com\/product\/yoast-seo-wordpress\/ -->\n<title>Groupe de parole jeudi 4 d\u00e9cembre -<\/title>\n<meta name=\"robots\" content=\"index, follow, max-snippet:-1, max-image-preview:large, max-video-preview:-1\" \/>\n<link rel=\"canonical\" href=\"https:\/\/asso-detours91.fr\/index.php\/2025\/11\/28\/groupe-de-parole-jeudi-4-decembre\/\" \/>\n<meta property=\"og:locale\" content=\"fr_FR\" \/>\n<meta property=\"og:type\" content=\"article\" \/>\n<meta property=\"og:title\" content=\"Groupe de parole jeudi 4 d\u00e9cembre -\" \/>\n<meta property=\"og:description\" content=\"Le prochain groupe de parole aura lieu le\u00a0jeudi 4 d\u00e9cembre de 20h30 \u00e0 22h30. L&rsquo;inscription est obligatoire car il s&rsquo;agit d&rsquo;un groupe plus intime. Cette inscription pr\u00e9alable se fait aupr\u00e8s de Mathilde Jachym en envoyant un mail \u00e0 associationdetours91@gmail.comLe groupe de parole se tiendra au 15 LCR de Courdimanche aux Ulis (C&rsquo;est \u00e0 quelques m\u00e8tres [&hellip;]\" \/>\n<meta property=\"og:url\" content=\"https:\/\/asso-detours91.fr\/index.php\/2025\/11\/28\/groupe-de-parole-jeudi-4-decembre\/\" \/>\n<meta property=\"article:publisher\" content=\"https:\/\/www.facebook.com\/detours91\" \/>\n<meta property=\"article:published_time\" content=\"2025-11-28T14:54:24+00:00\" \/>\n<meta property=\"article:modified_time\" content=\"2025-11-28T14:54:26+00:00\" \/>\n<meta name=\"author\" content=\"Antoine Schussler\" \/>\n<meta name=\"twitter:card\" content=\"summary_large_image\" \/>\n<meta name=\"twitter:label1\" content=\"\u00c9crit par\" \/>\n\t<meta name=\"twitter:data1\" content=\"Antoine Schussler\" \/>\n\t<meta name=\"twitter:label2\" content=\"Dur\u00e9e de lecture estim\u00e9e\" \/>\n\t<meta name=\"twitter:data2\" content=\"1 minute\" \/>\n<script type=\"application\/ld+json\" class=\"yoast-schema-graph\">{\"@context\":\"https:\\\/\\\/schema.org\",\"@graph\":[{\"@type\":\"Article\",\"@id\":\"https:\\\/\\\/asso-detours91.fr\\\/index.php\\\/2025\\\/11\\\/28\\\/groupe-de-parole-jeudi-4-decembre\\\/#article\",\"isPartOf\":{\"@id\":\"https:\\\/\\\/asso-detours91.fr\\\/index.php\\\/2025\\\/11\\\/28\\\/groupe-de-parole-jeudi-4-decembre\\\/\"},\"author\":{\"name\":\"Antoine Schussler\",\"@id\":\"https:\\\/\\\/asso-detours91.fr\\\/#\\\/schema\\\/person\\\/95d1143d2b93d63d8276ee14a0673ba1\"},\"headline\":\"Groupe de parole jeudi 4 d\u00e9cembre\",\"datePublished\":\"2025-11-28T14:54:24+00:00\",\"dateModified\":\"2025-11-28T14:54:26+00:00\",\"mainEntityOfPage\":{\"@id\":\"https:\\\/\\\/asso-detours91.fr\\\/index.php\\\/2025\\\/11\\\/28\\\/groupe-de-parole-jeudi-4-decembre\\\/\"},\"wordCount\":72,\"publisher\":{\"@id\":\"https:\\\/\\\/asso-detours91.fr\\\/#organization\"},\"articleSection\":[\"\u00c9v\u00e8nements\"],\"inLanguage\":\"fr-FR\"},{\"@type\":\"WebPage\",\"@id\":\"https:\\\/\\\/asso-detours91.fr\\\/index.php\\\/2025\\\/11\\\/28\\\/groupe-de-parole-jeudi-4-decembre\\\/\",\"url\":\"https:\\\/\\\/asso-detours91.fr\\\/index.php\\\/2025\\\/11\\\/28\\\/groupe-de-parole-jeudi-4-decembre\\\/\",\"name\":\"Groupe de parole jeudi 4 d\u00e9cembre -\",\"isPartOf\":{\"@id\":\"https:\\\/\\\/asso-detours91.fr\\\/#website\"},\"datePublished\":\"2025-11-28T14:54:24+00:00\",\"dateModified\":\"2025-11-28T14:54:26+00:00\",\"breadcrumb\":{\"@id\":\"https:\\\/\\\/asso-detours91.fr\\\/index.php\\\/2025\\\/11\\\/28\\\/groupe-de-parole-jeudi-4-decembre\\\/#breadcrumb\"},\"inLanguage\":\"fr-FR\",\"potentialAction\":[{\"@type\":\"ReadAction\",\"target\":[\"https:\\\/\\\/asso-detours91.fr\\\/index.php\\\/2025\\\/11\\\/28\\\/groupe-de-parole-jeudi-4-decembre\\\/\"]}]},{\"@type\":\"BreadcrumbList\",\"@id\":\"https:\\\/\\\/asso-detours91.fr\\\/index.php\\\/2025\\\/11\\\/28\\\/groupe-de-parole-jeudi-4-decembre\\\/#breadcrumb\",\"itemListElement\":[{\"@type\":\"ListItem\",\"position\":1,\"name\":\"Accueil\",\"item\":\"https:\\\/\\\/asso-detours91.fr\\\/\"},{\"@type\":\"ListItem\",\"position\":2,\"name\":\"Groupe de parole jeudi 4 d\u00e9cembre\"}]},{\"@type\":\"WebSite\",\"@id\":\"https:\\\/\\\/asso-detours91.fr\\\/#website\",\"url\":\"https:\\\/\\\/asso-detours91.fr\\\/\",\"name\":\"Association D\u00e9tours\",\"description\":\"Faire des d\u00e9tours, changer de regard ...\",\"publisher\":{\"@id\":\"https:\\\/\\\/asso-detours91.fr\\\/#organization\"},\"inLanguage\":\"fr-FR\"},{\"@type\":\"Organization\",\"@id\":\"https:\\\/\\\/asso-detours91.fr\\\/#organization\",\"name\":\"Association D\u00e9tours\",\"url\":\"https:\\\/\\\/asso-detours91.fr\\\/\",\"logo\":{\"@type\":\"ImageObject\",\"inLanguage\":\"fr-FR\",\"@id\":\"https:\\\/\\\/asso-detours91.fr\\\/#\\\/schema\\\/logo\\\/image\\\/\",\"url\":\"https:\\\/\\\/asso-detours91.fr\\\/wp-content\\\/uploads\\\/2025\\\/10\\\/cropped-kids-5741934_960_720.png\",\"contentUrl\":\"https:\\\/\\\/asso-detours91.fr\\\/wp-content\\\/uploads\\\/2025\\\/10\\\/cropped-kids-5741934_960_720.png\",\"width\":956,\"height\":580,\"caption\":\"Association D\u00e9tours\"},\"image\":{\"@id\":\"https:\\\/\\\/asso-detours91.fr\\\/#\\\/schema\\\/logo\\\/image\\\/\"},\"sameAs\":[\"https:\\\/\\\/www.facebook.com\\\/detours91\"]},{\"@type\":\"Person\",\"@id\":\"https:\\\/\\\/asso-detours91.fr\\\/#\\\/schema\\\/person\\\/95d1143d2b93d63d8276ee14a0673ba1\",\"name\":\"Antoine Schussler\",\"image\":{\"@type\":\"ImageObject\",\"inLanguage\":\"fr-FR\",\"@id\":\"https:\\\/\\\/secure.gravatar.com\\\/avatar\\\/76229ae50354425f7d7be60232c039d2d36bef48d975fa9a2f9074b1411b12ef?s=96&d=mm&r=g\",\"url\":\"https:\\\/\\\/secure.gravatar.com\\\/avatar\\\/76229ae50354425f7d7be60232c039d2d36bef48d975fa9a2f9074b1411b12ef?s=96&d=mm&r=g\",\"contentUrl\":\"https:\\\/\\\/secure.gravatar.com\\\/avatar\\\/76229ae50354425f7d7be60232c039d2d36bef48d975fa9a2f9074b1411b12ef?s=96&d=mm&r=g\",\"caption\":\"Antoine Schussler\"},\"url\":\"https:\\\/\\\/asso-detours91.fr\\\/index.php\\\/author\\\/antoine_schussler\\\/\"}]}<\/script>\n<!-- \/ Yoast SEO plugin. -->","yoast_head_json":{"title":"Groupe de parole jeudi 4 d\u00e9cembre -","robots":{"index":"index","follow":"follow","max-snippet":"max-snippet:-1","max-image-preview":"max-image-preview:large","max-video-preview":"max-video-preview:-1"},"canonical":"https:\/\/asso-detours91.fr\/index.php\/2025\/11\/28\/groupe-de-parole-jeudi-4-decembre\/","og_locale":"fr_FR","og_type":"article","og_title":"Groupe de parole jeudi 4 d\u00e9cembre -","og_description":"Le prochain groupe de parole aura lieu le\u00a0jeudi 4 d\u00e9cembre de 20h30 \u00e0 22h30. L&rsquo;inscription est obligatoire car il s&rsquo;agit d&rsquo;un groupe plus intime. Cette inscription pr\u00e9alable se fait aupr\u00e8s de Mathilde Jachym en envoyant un mail \u00e0 associationdetours91@gmail.comLe groupe de parole se tiendra au 15 LCR de Courdimanche aux Ulis (C&rsquo;est \u00e0 quelques m\u00e8tres [&hellip;]","og_url":"https:\/\/asso-detours91.fr\/index.php\/2025\/11\/28\/groupe-de-parole-jeudi-4-decembre\/","article_publisher":"https:\/\/www.facebook.com\/detours91","article_published_time":"2025-11-28T14:54:24+00:00","article_modified_time":"2025-11-28T14:54:26+00:00","author":"Antoine Schussler","twitter_card":"summary_large_image","twitter_misc":{"\u00c9crit par":"Antoine Schussler","Dur\u00e9e de lecture estim\u00e9e":"1 minute"},"schema":{"@context":"https:\/\/schema.org","@graph":[{"@type":"Article","@id":"https:\/\/asso-detours91.fr\/index.php\/2025\/11\/28\/groupe-de-parole-jeudi-4-decembre\/#article","isPartOf":{"@id":"https:\/\/asso-detours91.fr\/index.php\/2025\/11\/28\/groupe-de-parole-jeudi-4-decembre\/"},"author":{"name":"Antoine Schussler","@id":"https:\/\/asso-detours91.fr\/#\/schema\/person\/95d1143d2b93d63d8276ee14a0673ba1"},"headline":"Groupe de parole jeudi 4 d\u00e9cembre","datePublished":"2025-11-28T14:54:24+00:00","dateModified":"2025-11-28T14:54:26+00:00","mainEntityOfPage":{"@id":"https:\/\/asso-detours91.fr\/index.php\/2025\/11\/28\/groupe-de-parole-jeudi-4-decembre\/"},"wordCount":72,"publisher":{"@id":"https:\/\/asso-detours91.fr\/#organization"},"articleSection":["\u00c9v\u00e8nements"],"inLanguage":"fr-FR"},{"@type":"WebPage","@id":"https:\/\/asso-detours91.fr\/index.php\/2025\/11\/28\/groupe-de-parole-jeudi-4-decembre\/","url":"https:\/\/asso-detours91.fr\/index.php\/2025\/11\/28\/groupe-de-parole-jeudi-4-decembre\/","name":"Groupe de parole jeudi 4 d\u00e9cembre -","isPartOf":{"@id":"https:\/\/asso-detours91.fr\/#website"},"datePublished":"2025-11-28T14:54:24+00:00","dateModified":"2025-11-28T14:54:26+00:00","breadcrumb":{"@id":"https:\/\/asso-detours91.fr\/index.php\/2025\/11\/28\/groupe-de-parole-jeudi-4-decembre\/#breadcrumb"},"inLanguage":"fr-FR","potentialAction":[{"@type":"ReadAction","target":["https:\/\/asso-detours91.fr\/index.php\/2025\/11\/28\/groupe-de-parole-jeudi-4-decembre\/"]}]},{"@type":"BreadcrumbList","@id":"https:\/\/asso-detours91.fr\/index.php\/2025\/11\/28\/groupe-de-parole-jeudi-4-decembre\/#breadcrumb","itemListElement":[{"@type":"ListItem","position":1,"name":"Accueil","item":"https:\/\/asso-detours91.fr\/"},{"@type":"ListItem","position":2,"name":"Groupe de parole jeudi 4 d\u00e9cembre"}]},{"@type":"WebSite","@id":"https:\/\/asso-detours91.fr\/#website","url":"https:\/\/asso-detours91.fr\/","name":"Association D\u00e9tours","description":"Faire des d\u00e9tours, changer de regard ...","publisher":{"@id":"https:\/\/asso-detours91.fr\/#organization"},"inLanguage":"fr-FR"},{"@type":"Organization","@id":"https:\/\/asso-detours91.fr\/#organization","name":"Association D\u00e9tours","url":"https:\/\/asso-detours91.fr\/","logo":{"@type":"ImageObject","inLanguage":"fr-FR","@id":"https:\/\/asso-detours91.fr\/#\/schema\/logo\/image\/","url":"https:\/\/asso-detours91.fr\/wp-content\/uploads\/2025\/10\/cropped-kids-5741934_960_720.png","contentUrl":"https:\/\/asso-detours91.fr\/wp-content\/uploads\/2025\/10\/cropped-kids-5741934_960_720.png","width":956,"height":580,"caption":"Association D\u00e9tours"},"image":{"@id":"https:\/\/asso-detours91.fr\/#\/schema\/logo\/image\/"},"sameAs":["https:\/\/www.facebook.com\/detours91"]},{"@type":"Person","@id":"https:\/\/asso-detours91.fr\/#\/schema\/person\/95d1143d2b93d63d8276ee14a0673ba1","name":"Antoine Schussler","image":{"@type":"ImageObject","inLanguage":"fr-FR","@id":"https:\/\/secure.gravatar.com\/avatar\/76229ae50354425f7d7be60232c039d2d36bef48d975fa9a2f9074b1411b12ef?s=96&d=mm&r=g","url":"https:\/\/secure.gravatar.com\/avatar\/76229ae50354425f7d7be60232c039d2d36bef48d975fa9a2f9074b1411b12ef?s=96&d=mm&r=g","contentUrl":"https:\/\/secure.gravatar.com\/avatar\/76229ae50354425f7d7be60232c039d2d36bef48d975fa9a2f9074b1411b12ef?s=96&d=mm&r=g","caption":"Antoine Schussler"},"url":"https:\/\/asso-detours91.fr\/index.php\/author\/antoine_schussler\/"}]}},"jetpack_featured_media_url":"","jetpack_sharing_enabled":true,"_links":{"self":[{"href":"https:\/\/asso-detours91.fr\/index.php\/wp-json\/wp\/v2\/posts\/283","targetHints":{"allow":["GET"]}}],"collection":[{"href":"https:\/\/asso-detours91.fr\/index.php\/wp-json\/wp\/v2\/posts"}],"about":[{"href":"https:\/\/asso-detours91.fr\/index.php\/wp-json\/wp\/v2\/types\/post"}],"author":[{"embeddable":true,"href":"https:\/\/asso-detours91.fr\/index.php\/wp-json\/wp\/v2\/users\/3"}],"replies":[{"embeddable":true,"href":"https:\/\/asso-detours91.fr\/index.php\/wp-json\/wp\/v2\/comments?post=283"}],"version-history":[{"count":1,"href":"https:\/\/asso-detours91.fr\/index.php\/wp-json\/wp\/v2\/posts\/283\/revisions"}],"predecessor-version":[{"id":284,"href":"https:\/\/asso-detours91.fr\/index.php\/wp-json\/wp\/v2\/posts\/283\/revisions\/284"}],"wp:attachment":[{"href":"https:\/\/asso-detours91.fr\/index.php\/wp-json\/wp\/v2\/media?parent=283"}],"wp:term":[{"taxonomy":"category","embeddable":true,"href":"https:\/\/asso-detours91.fr\/index.php\/wp-json\/wp\/v2\/categories?post=283"},{"taxonomy":"post_tag","embeddable":true,"href":"https:\/\/asso-detours91.fr\/index.php\/wp-json\/wp\/v2\/tags?post=283"}],"curies":[{"name":"wp","href":"https:\/\/api.w.org\/{rel}","templated":true}]}}