{"id":269,"date":"2025-11-04T19:11:29","date_gmt":"2025-11-04T18:11:29","guid":{"rendered":"https:\/\/asso-detours91.fr\/?p=269"},"modified":"2025-11-04T19:11:31","modified_gmt":"2025-11-04T18:11:31","slug":"troubles-du-neurodeveloppement-soiree-temoignages-et-orientation-vendredi-7-novembre-2025-a-gif-sur-yvette","status":"publish","type":"post","link":"https:\/\/asso-detours91.fr\/index.php\/2025\/11\/04\/troubles-du-neurodeveloppement-soiree-temoignages-et-orientation-vendredi-7-novembre-2025-a-gif-sur-yvette\/","title":{"rendered":"Troubles du neurod\u00e9veloppement : Soir\u00e9e T\u00e9moignages et Orientation \u2013 Vendredi 7 Novembre 2025 \u00e0 Gif-sur-Yvette"},"content":{"rendered":"\n<figure class=\"wp-block-image size-full\"><img loading=\"lazy\" decoding=\"async\" width=\"595\" height=\"841\" src=\"https:\/\/asso-detours91.fr\/wp-content\/uploads\/2025\/11\/affiche-soiree-temoignages-apedys91-fcpe-07112025.png\" alt=\"\" class=\"wp-image-270\" srcset=\"https:\/\/asso-detours91.fr\/wp-content\/uploads\/2025\/11\/affiche-soiree-temoignages-apedys91-fcpe-07112025.png 595w, https:\/\/asso-detours91.fr\/wp-content\/uploads\/2025\/11\/affiche-soiree-temoignages-apedys91-fcpe-07112025-212x300.png 212w\" sizes=\"auto, (max-width: 595px) 100vw, 595px\" \/><\/figure>\n\n\n\n<p>Dans le cadre de nos actions en faveur de l\u2019inclusion, une soir\u00e9e consacr\u00e9e aux troubles du neurod\u00e9veloppement se tiendra le\u00a0<strong>vendredi 7 novembre prochain<\/strong>\u00a0dans l\u2019amphith\u00e9\u00e2tre du b\u00e2timent Gif du lyc\u00e9e de la Vall\u00e9e.\u00a0Cette rencontre, organis\u00e9e autour de t\u00e9moignages et d\u2019\u00e9changes sur l\u2019orientation, est ouverte \u00e0 l\u2019ensemble de la communaut\u00e9 \u00e9ducative, aux parents et aux \u00e9l\u00e8ves.<\/p>\n\n\n\n<p><a href=\"https:\/\/fcpelvc.wordpress.com\/2025\/11\/03\/troubles-du-neurodeveloppement-soiree-temoignages-et-orientation-vendredi-7-novembre-2025-au-lvc\/\">https:\/\/fcpelvc.wordpress.com\/2025\/11\/03\/troubles-du-neurodeveloppement-soiree-temoignages-et-orientation-vendredi-7-novembre-2025-au-lvc\/<\/a><\/p>\n\n\n\n<p><\/p>\n","protected":false},"excerpt":{"rendered":"<p>Dans le cadre de nos actions en faveur de l\u2019inclusion, une soir\u00e9e consacr\u00e9e aux troubles du neurod\u00e9veloppement se tiendra le\u00a0vendredi 7 novembre prochain\u00a0dans l\u2019amphith\u00e9\u00e2tre du b\u00e2timent Gif du lyc\u00e9e de la Vall\u00e9e.\u00a0Cette rencontre, organis\u00e9e autour de t\u00e9moignages et d\u2019\u00e9changes sur l\u2019orientation, est ouverte \u00e0 l\u2019ensemble de la communaut\u00e9 \u00e9ducative, aux parents et aux \u00e9l\u00e8ves. https:\/\/fcpelvc.wordpress.com\/2025\/11\/03\/troubles-du-neurodeveloppement-soiree-temoignages-et-orientation-vendredi-7-novembre-2025-au-lvc\/<\/p>\n","protected":false},"author":3,"featured_media":0,"comment_status":"closed","ping_status":"closed","sticky":false,"template":"","format":"standard","meta":{"jetpack_post_was_ever_published":false,"_jetpack_newsletter_access":"","_jetpack_dont_email_post_to_subs":false,"_jetpack_newsletter_tier_id":0,"_jetpack_memberships_contains_paywalled_content":false,"_jetpack_memberships_contains_paid_content":false,"footnotes":""},"categories":[4],"tags":[],"class_list":["post-269","post","type-post","status-publish","format-standard","hentry","category-evenements"],"yoast_head":"<!-- This site is optimized with the Yoast SEO plugin v27.4 - https:\/\/yoast.com\/product\/yoast-seo-wordpress\/ -->\n<title>Troubles du neurod\u00e9veloppement : Soir\u00e9e T\u00e9moignages et Orientation \u2013 Vendredi 7 Novembre 2025 \u00e0 Gif-sur-Yvette -<\/title>\n<meta name=\"robots\" content=\"index, follow, max-snippet:-1, max-image-preview:large, max-video-preview:-1\" \/>\n<link rel=\"canonical\" href=\"https:\/\/asso-detours91.fr\/index.php\/2025\/11\/04\/troubles-du-neurodeveloppement-soiree-temoignages-et-orientation-vendredi-7-novembre-2025-a-gif-sur-yvette\/\" \/>\n<meta property=\"og:locale\" content=\"fr_FR\" \/>\n<meta property=\"og:type\" content=\"article\" \/>\n<meta property=\"og:title\" content=\"Troubles du neurod\u00e9veloppement : Soir\u00e9e T\u00e9moignages et Orientation \u2013 Vendredi 7 Novembre 2025 \u00e0 Gif-sur-Yvette -\" \/>\n<meta property=\"og:description\" content=\"Dans le cadre de nos actions en faveur de l\u2019inclusion, une soir\u00e9e consacr\u00e9e aux troubles du neurod\u00e9veloppement se tiendra le\u00a0vendredi 7 novembre prochain\u00a0dans l\u2019amphith\u00e9\u00e2tre du b\u00e2timent Gif du lyc\u00e9e de la Vall\u00e9e.\u00a0Cette rencontre, organis\u00e9e autour de t\u00e9moignages et d\u2019\u00e9changes sur l\u2019orientation, est ouverte \u00e0 l\u2019ensemble de la communaut\u00e9 \u00e9ducative, aux parents et aux \u00e9l\u00e8ves. https:\/\/fcpelvc.wordpress.com\/2025\/11\/03\/troubles-du-neurodeveloppement-soiree-temoignages-et-orientation-vendredi-7-novembre-2025-au-lvc\/\" \/>\n<meta property=\"og:url\" content=\"https:\/\/asso-detours91.fr\/index.php\/2025\/11\/04\/troubles-du-neurodeveloppement-soiree-temoignages-et-orientation-vendredi-7-novembre-2025-a-gif-sur-yvette\/\" \/>\n<meta property=\"article:publisher\" content=\"https:\/\/www.facebook.com\/detours91\" \/>\n<meta property=\"article:published_time\" content=\"2025-11-04T18:11:29+00:00\" \/>\n<meta property=\"article:modified_time\" content=\"2025-11-04T18:11:31+00:00\" \/>\n<meta property=\"og:image\" content=\"https:\/\/asso-detours91.fr\/wp-content\/uploads\/2025\/11\/affiche-soiree-temoignages-apedys91-fcpe-07112025.png\" \/>\n\t<meta property=\"og:image:width\" content=\"595\" \/>\n\t<meta property=\"og:image:height\" content=\"841\" \/>\n\t<meta property=\"og:image:type\" content=\"image\/png\" \/>\n<meta name=\"author\" content=\"Antoine Schussler\" \/>\n<meta name=\"twitter:card\" content=\"summary_large_image\" \/>\n<meta name=\"twitter:label1\" content=\"\u00c9crit par\" \/>\n\t<meta name=\"twitter:data1\" content=\"Antoine Schussler\" \/>\n\t<meta name=\"twitter:label2\" content=\"Dur\u00e9e de lecture estim\u00e9e\" \/>\n\t<meta name=\"twitter:data2\" content=\"1 minute\" \/>\n<script type=\"application\/ld+json\" class=\"yoast-schema-graph\">{\"@context\":\"https:\\\/\\\/schema.org\",\"@graph\":[{\"@type\":\"Article\",\"@id\":\"https:\\\/\\\/asso-detours91.fr\\\/index.php\\\/2025\\\/11\\\/04\\\/troubles-du-neurodeveloppement-soiree-temoignages-et-orientation-vendredi-7-novembre-2025-a-gif-sur-yvette\\\/#article\",\"isPartOf\":{\"@id\":\"https:\\\/\\\/asso-detours91.fr\\\/index.php\\\/2025\\\/11\\\/04\\\/troubles-du-neurodeveloppement-soiree-temoignages-et-orientation-vendredi-7-novembre-2025-a-gif-sur-yvette\\\/\"},\"author\":{\"name\":\"Antoine Schussler\",\"@id\":\"https:\\\/\\\/asso-detours91.fr\\\/#\\\/schema\\\/person\\\/95d1143d2b93d63d8276ee14a0673ba1\"},\"headline\":\"Troubles du neurod\u00e9veloppement : Soir\u00e9e T\u00e9moignages et Orientation \u2013 Vendredi 7 Novembre 2025 \u00e0 Gif-sur-Yvette\",\"datePublished\":\"2025-11-04T18:11:29+00:00\",\"dateModified\":\"2025-11-04T18:11:31+00:00\",\"mainEntityOfPage\":{\"@id\":\"https:\\\/\\\/asso-detours91.fr\\\/index.php\\\/2025\\\/11\\\/04\\\/troubles-du-neurodeveloppement-soiree-temoignages-et-orientation-vendredi-7-novembre-2025-a-gif-sur-yvette\\\/\"},\"wordCount\":90,\"publisher\":{\"@id\":\"https:\\\/\\\/asso-detours91.fr\\\/#organization\"},\"image\":{\"@id\":\"https:\\\/\\\/asso-detours91.fr\\\/index.php\\\/2025\\\/11\\\/04\\\/troubles-du-neurodeveloppement-soiree-temoignages-et-orientation-vendredi-7-novembre-2025-a-gif-sur-yvette\\\/#primaryimage\"},\"thumbnailUrl\":\"https:\\\/\\\/asso-detours91.fr\\\/wp-content\\\/uploads\\\/2025\\\/11\\\/affiche-soiree-temoignages-apedys91-fcpe-07112025.png\",\"articleSection\":[\"\u00c9v\u00e8nements\"],\"inLanguage\":\"fr-FR\"},{\"@type\":\"WebPage\",\"@id\":\"https:\\\/\\\/asso-detours91.fr\\\/index.php\\\/2025\\\/11\\\/04\\\/troubles-du-neurodeveloppement-soiree-temoignages-et-orientation-vendredi-7-novembre-2025-a-gif-sur-yvette\\\/\",\"url\":\"https:\\\/\\\/asso-detours91.fr\\\/index.php\\\/2025\\\/11\\\/04\\\/troubles-du-neurodeveloppement-soiree-temoignages-et-orientation-vendredi-7-novembre-2025-a-gif-sur-yvette\\\/\",\"name\":\"Troubles du neurod\u00e9veloppement : Soir\u00e9e T\u00e9moignages et Orientation \u2013 Vendredi 7 Novembre 2025 \u00e0 Gif-sur-Yvette -\",\"isPartOf\":{\"@id\":\"https:\\\/\\\/asso-detours91.fr\\\/#website\"},\"primaryImageOfPage\":{\"@id\":\"https:\\\/\\\/asso-detours91.fr\\\/index.php\\\/2025\\\/11\\\/04\\\/troubles-du-neurodeveloppement-soiree-temoignages-et-orientation-vendredi-7-novembre-2025-a-gif-sur-yvette\\\/#primaryimage\"},\"image\":{\"@id\":\"https:\\\/\\\/asso-detours91.fr\\\/index.php\\\/2025\\\/11\\\/04\\\/troubles-du-neurodeveloppement-soiree-temoignages-et-orientation-vendredi-7-novembre-2025-a-gif-sur-yvette\\\/#primaryimage\"},\"thumbnailUrl\":\"https:\\\/\\\/asso-detours91.fr\\\/wp-content\\\/uploads\\\/2025\\\/11\\\/affiche-soiree-temoignages-apedys91-fcpe-07112025.png\",\"datePublished\":\"2025-11-04T18:11:29+00:00\",\"dateModified\":\"2025-11-04T18:11:31+00:00\",\"breadcrumb\":{\"@id\":\"https:\\\/\\\/asso-detours91.fr\\\/index.php\\\/2025\\\/11\\\/04\\\/troubles-du-neurodeveloppement-soiree-temoignages-et-orientation-vendredi-7-novembre-2025-a-gif-sur-yvette\\\/#breadcrumb\"},\"inLanguage\":\"fr-FR\",\"potentialAction\":[{\"@type\":\"ReadAction\",\"target\":[\"https:\\\/\\\/asso-detours91.fr\\\/index.php\\\/2025\\\/11\\\/04\\\/troubles-du-neurodeveloppement-soiree-temoignages-et-orientation-vendredi-7-novembre-2025-a-gif-sur-yvette\\\/\"]}]},{\"@type\":\"ImageObject\",\"inLanguage\":\"fr-FR\",\"@id\":\"https:\\\/\\\/asso-detours91.fr\\\/index.php\\\/2025\\\/11\\\/04\\\/troubles-du-neurodeveloppement-soiree-temoignages-et-orientation-vendredi-7-novembre-2025-a-gif-sur-yvette\\\/#primaryimage\",\"url\":\"https:\\\/\\\/asso-detours91.fr\\\/wp-content\\\/uploads\\\/2025\\\/11\\\/affiche-soiree-temoignages-apedys91-fcpe-07112025.png\",\"contentUrl\":\"https:\\\/\\\/asso-detours91.fr\\\/wp-content\\\/uploads\\\/2025\\\/11\\\/affiche-soiree-temoignages-apedys91-fcpe-07112025.png\",\"width\":595,\"height\":841},{\"@type\":\"BreadcrumbList\",\"@id\":\"https:\\\/\\\/asso-detours91.fr\\\/index.php\\\/2025\\\/11\\\/04\\\/troubles-du-neurodeveloppement-soiree-temoignages-et-orientation-vendredi-7-novembre-2025-a-gif-sur-yvette\\\/#breadcrumb\",\"itemListElement\":[{\"@type\":\"ListItem\",\"position\":1,\"name\":\"Accueil\",\"item\":\"https:\\\/\\\/asso-detours91.fr\\\/\"},{\"@type\":\"ListItem\",\"position\":2,\"name\":\"Troubles du neurod\u00e9veloppement : Soir\u00e9e T\u00e9moignages et Orientation \u2013 Vendredi 7 Novembre 2025 \u00e0 Gif-sur-Yvette\"}]},{\"@type\":\"WebSite\",\"@id\":\"https:\\\/\\\/asso-detours91.fr\\\/#website\",\"url\":\"https:\\\/\\\/asso-detours91.fr\\\/\",\"name\":\"Association D\u00e9tours\",\"description\":\"Faire des d\u00e9tours, changer de regard ...\",\"publisher\":{\"@id\":\"https:\\\/\\\/asso-detours91.fr\\\/#organization\"},\"inLanguage\":\"fr-FR\"},{\"@type\":\"Organization\",\"@id\":\"https:\\\/\\\/asso-detours91.fr\\\/#organization\",\"name\":\"Association D\u00e9tours\",\"url\":\"https:\\\/\\\/asso-detours91.fr\\\/\",\"logo\":{\"@type\":\"ImageObject\",\"inLanguage\":\"fr-FR\",\"@id\":\"https:\\\/\\\/asso-detours91.fr\\\/#\\\/schema\\\/logo\\\/image\\\/\",\"url\":\"https:\\\/\\\/asso-detours91.fr\\\/wp-content\\\/uploads\\\/2025\\\/10\\\/cropped-kids-5741934_960_720.png\",\"contentUrl\":\"https:\\\/\\\/asso-detours91.fr\\\/wp-content\\\/uploads\\\/2025\\\/10\\\/cropped-kids-5741934_960_720.png\",\"width\":956,\"height\":580,\"caption\":\"Association D\u00e9tours\"},\"image\":{\"@id\":\"https:\\\/\\\/asso-detours91.fr\\\/#\\\/schema\\\/logo\\\/image\\\/\"},\"sameAs\":[\"https:\\\/\\\/www.facebook.com\\\/detours91\"]},{\"@type\":\"Person\",\"@id\":\"https:\\\/\\\/asso-detours91.fr\\\/#\\\/schema\\\/person\\\/95d1143d2b93d63d8276ee14a0673ba1\",\"name\":\"Antoine Schussler\",\"image\":{\"@type\":\"ImageObject\",\"inLanguage\":\"fr-FR\",\"@id\":\"https:\\\/\\\/secure.gravatar.com\\\/avatar\\\/76229ae50354425f7d7be60232c039d2d36bef48d975fa9a2f9074b1411b12ef?s=96&d=mm&r=g\",\"url\":\"https:\\\/\\\/secure.gravatar.com\\\/avatar\\\/76229ae50354425f7d7be60232c039d2d36bef48d975fa9a2f9074b1411b12ef?s=96&d=mm&r=g\",\"contentUrl\":\"https:\\\/\\\/secure.gravatar.com\\\/avatar\\\/76229ae50354425f7d7be60232c039d2d36bef48d975fa9a2f9074b1411b12ef?s=96&d=mm&r=g\",\"caption\":\"Antoine Schussler\"},\"url\":\"https:\\\/\\\/asso-detours91.fr\\\/index.php\\\/author\\\/antoine_schussler\\\/\"}]}<\/script>\n<!-- \/ Yoast SEO plugin. -->","yoast_head_json":{"title":"Troubles du neurod\u00e9veloppement : Soir\u00e9e T\u00e9moignages et Orientation \u2013 Vendredi 7 Novembre 2025 \u00e0 Gif-sur-Yvette -","robots":{"index":"index","follow":"follow","max-snippet":"max-snippet:-1","max-image-preview":"max-image-preview:large","max-video-preview":"max-video-preview:-1"},"canonical":"https:\/\/asso-detours91.fr\/index.php\/2025\/11\/04\/troubles-du-neurodeveloppement-soiree-temoignages-et-orientation-vendredi-7-novembre-2025-a-gif-sur-yvette\/","og_locale":"fr_FR","og_type":"article","og_title":"Troubles du neurod\u00e9veloppement : Soir\u00e9e T\u00e9moignages et Orientation \u2013 Vendredi 7 Novembre 2025 \u00e0 Gif-sur-Yvette -","og_description":"Dans le cadre de nos actions en faveur de l\u2019inclusion, une soir\u00e9e consacr\u00e9e aux troubles du neurod\u00e9veloppement se tiendra le\u00a0vendredi 7 novembre prochain\u00a0dans l\u2019amphith\u00e9\u00e2tre du b\u00e2timent Gif du lyc\u00e9e de la Vall\u00e9e.\u00a0Cette rencontre, organis\u00e9e autour de t\u00e9moignages et d\u2019\u00e9changes sur l\u2019orientation, est ouverte \u00e0 l\u2019ensemble de la communaut\u00e9 \u00e9ducative, aux parents et aux \u00e9l\u00e8ves. https:\/\/fcpelvc.wordpress.com\/2025\/11\/03\/troubles-du-neurodeveloppement-soiree-temoignages-et-orientation-vendredi-7-novembre-2025-au-lvc\/","og_url":"https:\/\/asso-detours91.fr\/index.php\/2025\/11\/04\/troubles-du-neurodeveloppement-soiree-temoignages-et-orientation-vendredi-7-novembre-2025-a-gif-sur-yvette\/","article_publisher":"https:\/\/www.facebook.com\/detours91","article_published_time":"2025-11-04T18:11:29+00:00","article_modified_time":"2025-11-04T18:11:31+00:00","og_image":[{"width":595,"height":841,"url":"https:\/\/asso-detours91.fr\/wp-content\/uploads\/2025\/11\/affiche-soiree-temoignages-apedys91-fcpe-07112025.png","type":"image\/png"}],"author":"Antoine Schussler","twitter_card":"summary_large_image","twitter_misc":{"\u00c9crit par":"Antoine Schussler","Dur\u00e9e de lecture estim\u00e9e":"1 minute"},"schema":{"@context":"https:\/\/schema.org","@graph":[{"@type":"Article","@id":"https:\/\/asso-detours91.fr\/index.php\/2025\/11\/04\/troubles-du-neurodeveloppement-soiree-temoignages-et-orientation-vendredi-7-novembre-2025-a-gif-sur-yvette\/#article","isPartOf":{"@id":"https:\/\/asso-detours91.fr\/index.php\/2025\/11\/04\/troubles-du-neurodeveloppement-soiree-temoignages-et-orientation-vendredi-7-novembre-2025-a-gif-sur-yvette\/"},"author":{"name":"Antoine Schussler","@id":"https:\/\/asso-detours91.fr\/#\/schema\/person\/95d1143d2b93d63d8276ee14a0673ba1"},"headline":"Troubles du neurod\u00e9veloppement : Soir\u00e9e T\u00e9moignages et Orientation \u2013 Vendredi 7 Novembre 2025 \u00e0 Gif-sur-Yvette","datePublished":"2025-11-04T18:11:29+00:00","dateModified":"2025-11-04T18:11:31+00:00","mainEntityOfPage":{"@id":"https:\/\/asso-detours91.fr\/index.php\/2025\/11\/04\/troubles-du-neurodeveloppement-soiree-temoignages-et-orientation-vendredi-7-novembre-2025-a-gif-sur-yvette\/"},"wordCount":90,"publisher":{"@id":"https:\/\/asso-detours91.fr\/#organization"},"image":{"@id":"https:\/\/asso-detours91.fr\/index.php\/2025\/11\/04\/troubles-du-neurodeveloppement-soiree-temoignages-et-orientation-vendredi-7-novembre-2025-a-gif-sur-yvette\/#primaryimage"},"thumbnailUrl":"https:\/\/asso-detours91.fr\/wp-content\/uploads\/2025\/11\/affiche-soiree-temoignages-apedys91-fcpe-07112025.png","articleSection":["\u00c9v\u00e8nements"],"inLanguage":"fr-FR"},{"@type":"WebPage","@id":"https:\/\/asso-detours91.fr\/index.php\/2025\/11\/04\/troubles-du-neurodeveloppement-soiree-temoignages-et-orientation-vendredi-7-novembre-2025-a-gif-sur-yvette\/","url":"https:\/\/asso-detours91.fr\/index.php\/2025\/11\/04\/troubles-du-neurodeveloppement-soiree-temoignages-et-orientation-vendredi-7-novembre-2025-a-gif-sur-yvette\/","name":"Troubles du neurod\u00e9veloppement : Soir\u00e9e T\u00e9moignages et Orientation \u2013 Vendredi 7 Novembre 2025 \u00e0 Gif-sur-Yvette -","isPartOf":{"@id":"https:\/\/asso-detours91.fr\/#website"},"primaryImageOfPage":{"@id":"https:\/\/asso-detours91.fr\/index.php\/2025\/11\/04\/troubles-du-neurodeveloppement-soiree-temoignages-et-orientation-vendredi-7-novembre-2025-a-gif-sur-yvette\/#primaryimage"},"image":{"@id":"https:\/\/asso-detours91.fr\/index.php\/2025\/11\/04\/troubles-du-neurodeveloppement-soiree-temoignages-et-orientation-vendredi-7-novembre-2025-a-gif-sur-yvette\/#primaryimage"},"thumbnailUrl":"https:\/\/asso-detours91.fr\/wp-content\/uploads\/2025\/11\/affiche-soiree-temoignages-apedys91-fcpe-07112025.png","datePublished":"2025-11-04T18:11:29+00:00","dateModified":"2025-11-04T18:11:31+00:00","breadcrumb":{"@id":"https:\/\/asso-detours91.fr\/index.php\/2025\/11\/04\/troubles-du-neurodeveloppement-soiree-temoignages-et-orientation-vendredi-7-novembre-2025-a-gif-sur-yvette\/#breadcrumb"},"inLanguage":"fr-FR","potentialAction":[{"@type":"ReadAction","target":["https:\/\/asso-detours91.fr\/index.php\/2025\/11\/04\/troubles-du-neurodeveloppement-soiree-temoignages-et-orientation-vendredi-7-novembre-2025-a-gif-sur-yvette\/"]}]},{"@type":"ImageObject","inLanguage":"fr-FR","@id":"https:\/\/asso-detours91.fr\/index.php\/2025\/11\/04\/troubles-du-neurodeveloppement-soiree-temoignages-et-orientation-vendredi-7-novembre-2025-a-gif-sur-yvette\/#primaryimage","url":"https:\/\/asso-detours91.fr\/wp-content\/uploads\/2025\/11\/affiche-soiree-temoignages-apedys91-fcpe-07112025.png","contentUrl":"https:\/\/asso-detours91.fr\/wp-content\/uploads\/2025\/11\/affiche-soiree-temoignages-apedys91-fcpe-07112025.png","width":595,"height":841},{"@type":"BreadcrumbList","@id":"https:\/\/asso-detours91.fr\/index.php\/2025\/11\/04\/troubles-du-neurodeveloppement-soiree-temoignages-et-orientation-vendredi-7-novembre-2025-a-gif-sur-yvette\/#breadcrumb","itemListElement":[{"@type":"ListItem","position":1,"name":"Accueil","item":"https:\/\/asso-detours91.fr\/"},{"@type":"ListItem","position":2,"name":"Troubles du neurod\u00e9veloppement : Soir\u00e9e T\u00e9moignages et Orientation \u2013 Vendredi 7 Novembre 2025 \u00e0 Gif-sur-Yvette"}]},{"@type":"WebSite","@id":"https:\/\/asso-detours91.fr\/#website","url":"https:\/\/asso-detours91.fr\/","name":"Association D\u00e9tours","description":"Faire des d\u00e9tours, changer de regard ...","publisher":{"@id":"https:\/\/asso-detours91.fr\/#organization"},"inLanguage":"fr-FR"},{"@type":"Organization","@id":"https:\/\/asso-detours91.fr\/#organization","name":"Association D\u00e9tours","url":"https:\/\/asso-detours91.fr\/","logo":{"@type":"ImageObject","inLanguage":"fr-FR","@id":"https:\/\/asso-detours91.fr\/#\/schema\/logo\/image\/","url":"https:\/\/asso-detours91.fr\/wp-content\/uploads\/2025\/10\/cropped-kids-5741934_960_720.png","contentUrl":"https:\/\/asso-detours91.fr\/wp-content\/uploads\/2025\/10\/cropped-kids-5741934_960_720.png","width":956,"height":580,"caption":"Association D\u00e9tours"},"image":{"@id":"https:\/\/asso-detours91.fr\/#\/schema\/logo\/image\/"},"sameAs":["https:\/\/www.facebook.com\/detours91"]},{"@type":"Person","@id":"https:\/\/asso-detours91.fr\/#\/schema\/person\/95d1143d2b93d63d8276ee14a0673ba1","name":"Antoine Schussler","image":{"@type":"ImageObject","inLanguage":"fr-FR","@id":"https:\/\/secure.gravatar.com\/avatar\/76229ae50354425f7d7be60232c039d2d36bef48d975fa9a2f9074b1411b12ef?s=96&d=mm&r=g","url":"https:\/\/secure.gravatar.com\/avatar\/76229ae50354425f7d7be60232c039d2d36bef48d975fa9a2f9074b1411b12ef?s=96&d=mm&r=g","contentUrl":"https:\/\/secure.gravatar.com\/avatar\/76229ae50354425f7d7be60232c039d2d36bef48d975fa9a2f9074b1411b12ef?s=96&d=mm&r=g","caption":"Antoine Schussler"},"url":"https:\/\/asso-detours91.fr\/index.php\/author\/antoine_schussler\/"}]}},"jetpack_featured_media_url":"","jetpack_sharing_enabled":true,"_links":{"self":[{"href":"https:\/\/asso-detours91.fr\/index.php\/wp-json\/wp\/v2\/posts\/269","targetHints":{"allow":["GET"]}}],"collection":[{"href":"https:\/\/asso-detours91.fr\/index.php\/wp-json\/wp\/v2\/posts"}],"about":[{"href":"https:\/\/asso-detours91.fr\/index.php\/wp-json\/wp\/v2\/types\/post"}],"author":[{"embeddable":true,"href":"https:\/\/asso-detours91.fr\/index.php\/wp-json\/wp\/v2\/users\/3"}],"replies":[{"embeddable":true,"href":"https:\/\/asso-detours91.fr\/index.php\/wp-json\/wp\/v2\/comments?post=269"}],"version-history":[{"count":1,"href":"https:\/\/asso-detours91.fr\/index.php\/wp-json\/wp\/v2\/posts\/269\/revisions"}],"predecessor-version":[{"id":271,"href":"https:\/\/asso-detours91.fr\/index.php\/wp-json\/wp\/v2\/posts\/269\/revisions\/271"}],"wp:attachment":[{"href":"https:\/\/asso-detours91.fr\/index.php\/wp-json\/wp\/v2\/media?parent=269"}],"wp:term":[{"taxonomy":"category","embeddable":true,"href":"https:\/\/asso-detours91.fr\/index.php\/wp-json\/wp\/v2\/categories?post=269"},{"taxonomy":"post_tag","embeddable":true,"href":"https:\/\/asso-detours91.fr\/index.php\/wp-json\/wp\/v2\/tags?post=269"}],"curies":[{"name":"wp","href":"https:\/\/api.w.org\/{rel}","templated":true}]}}