{"id":241,"date":"2025-09-30T21:03:37","date_gmt":"2025-09-30T19:03:37","guid":{"rendered":"https:\/\/asso-detours91.fr\/?p=241"},"modified":"2025-10-10T22:44:53","modified_gmt":"2025-10-10T20:44:53","slug":"stage-theatre","status":"publish","type":"post","link":"https:\/\/asso-detours91.fr\/index.php\/2025\/09\/30\/stage-theatre\/","title":{"rendered":"Stage Th\u00e9\u00e2tre"},"content":{"rendered":"\n<p>A la MPT de Courdimanche de 14h30 \u00e0 16h30<\/p>\n\n\n\n<p><strong>d<\/strong><strong>u 27 au 31 octobre 2025<\/strong><\/p>\n\n\n\n<p>Public mixte&nbsp;: pour tous les jeunes \u00e0 partir de 8 ans, souffrant ou non de handicap. L\u2019atelier est encadr\u00e9 par deux art-th\u00e9rapeutes de l\u2019association&nbsp;Bleu Soleil.<\/p>\n\n\n\n<p><em>Inscription&nbsp;<\/em><em>gratuite et&nbsp;<\/em><em>obligatoire aupr\u00e8s de Mathilde Jachym&nbsp;:&nbsp;<\/em><em>06 13 25 37 09 (appeler en dehors des heures de travail SVP)&nbsp;<\/em><em>ou&lt;<\/em><a href=\"mailto:associationdetours91@gmail.com\" target=\"_blank\" rel=\"noreferrer noopener\"><em>associationdetours91@gmail.com<\/em><\/a><em>&gt;<\/em><\/p>\n\n\n\n<figure class=\"wp-block-image size-large\"><img loading=\"lazy\" decoding=\"async\" width=\"724\" height=\"1024\" src=\"https:\/\/asso-detours91.fr\/wp-content\/uploads\/2025\/09\/Plaquette-stage-The\u0301a\u0302tre-et-Danse-2025-724x1024.png\" alt=\"\" class=\"wp-image-244\" srcset=\"https:\/\/asso-detours91.fr\/wp-content\/uploads\/2025\/09\/Plaquette-stage-The\u0301a\u0302tre-et-Danse-2025-724x1024.png 724w, https:\/\/asso-detours91.fr\/wp-content\/uploads\/2025\/09\/Plaquette-stage-The\u0301a\u0302tre-et-Danse-2025-212x300.png 212w, https:\/\/asso-detours91.fr\/wp-content\/uploads\/2025\/09\/Plaquette-stage-The\u0301a\u0302tre-et-Danse-2025-768x1086.png 768w, https:\/\/asso-detours91.fr\/wp-content\/uploads\/2025\/09\/Plaquette-stage-The\u0301a\u0302tre-et-Danse-2025-1086x1536.png 1086w, https:\/\/asso-detours91.fr\/wp-content\/uploads\/2025\/09\/Plaquette-stage-The\u0301a\u0302tre-et-Danse-2025-1024x1448.png 1024w, https:\/\/asso-detours91.fr\/wp-content\/uploads\/2025\/09\/Plaquette-stage-The\u0301a\u0302tre-et-Danse-2025.png 1414w\" sizes=\"auto, (max-width: 724px) 100vw, 724px\" \/><\/figure>\n","protected":false},"excerpt":{"rendered":"<p>A la MPT de Courdimanche de 14h30 \u00e0 16h30 du 27 au 31 octobre 2025 Public mixte&nbsp;: pour tous les jeunes \u00e0 partir de 8 ans, souffrant ou non de handicap. L\u2019atelier est encadr\u00e9 par deux art-th\u00e9rapeutes de l\u2019association&nbsp;Bleu Soleil. Inscription&nbsp;gratuite et&nbsp;obligatoire aupr\u00e8s de Mathilde Jachym&nbsp;:&nbsp;06 13 25 37 09 (appeler en dehors des heures [&hellip;]<\/p>\n","protected":false},"author":3,"featured_media":0,"comment_status":"closed","ping_status":"closed","sticky":false,"template":"","format":"standard","meta":{"jetpack_post_was_ever_published":false,"_jetpack_newsletter_access":"","_jetpack_dont_email_post_to_subs":false,"_jetpack_newsletter_tier_id":0,"_jetpack_memberships_contains_paywalled_content":false,"_jetpack_memberships_contains_paid_content":false,"footnotes":""},"categories":[4],"tags":[],"class_list":["post-241","post","type-post","status-publish","format-standard","hentry","category-evenements"],"yoast_head":"<!-- This site is optimized with the Yoast SEO plugin v27.4 - https:\/\/yoast.com\/product\/yoast-seo-wordpress\/ -->\n<title>Stage Th\u00e9\u00e2tre -<\/title>\n<meta name=\"robots\" content=\"index, follow, max-snippet:-1, max-image-preview:large, max-video-preview:-1\" \/>\n<link rel=\"canonical\" href=\"https:\/\/asso-detours91.fr\/index.php\/2025\/09\/30\/stage-theatre\/\" \/>\n<meta property=\"og:locale\" content=\"fr_FR\" \/>\n<meta property=\"og:type\" content=\"article\" \/>\n<meta property=\"og:title\" content=\"Stage Th\u00e9\u00e2tre -\" \/>\n<meta property=\"og:description\" content=\"A la MPT de Courdimanche de 14h30 \u00e0 16h30 du 27 au 31 octobre 2025 Public mixte&nbsp;: pour tous les jeunes \u00e0 partir de 8 ans, souffrant ou non de handicap. L\u2019atelier est encadr\u00e9 par deux art-th\u00e9rapeutes de l\u2019association&nbsp;Bleu Soleil. Inscription&nbsp;gratuite et&nbsp;obligatoire aupr\u00e8s de Mathilde Jachym&nbsp;:&nbsp;06 13 25 37 09 (appeler en dehors des heures [&hellip;]\" \/>\n<meta property=\"og:url\" content=\"https:\/\/asso-detours91.fr\/index.php\/2025\/09\/30\/stage-theatre\/\" \/>\n<meta property=\"article:publisher\" content=\"https:\/\/www.facebook.com\/detours91\" \/>\n<meta property=\"article:published_time\" content=\"2025-09-30T19:03:37+00:00\" \/>\n<meta property=\"article:modified_time\" content=\"2025-10-10T20:44:53+00:00\" \/>\n<meta name=\"author\" content=\"Antoine Schussler\" \/>\n<meta name=\"twitter:card\" content=\"summary_large_image\" \/>\n<meta name=\"twitter:label1\" content=\"\u00c9crit par\" \/>\n\t<meta name=\"twitter:data1\" content=\"Antoine Schussler\" \/>\n\t<meta name=\"twitter:label2\" content=\"Dur\u00e9e de lecture estim\u00e9e\" \/>\n\t<meta name=\"twitter:data2\" content=\"1 minute\" \/>\n<script type=\"application\/ld+json\" class=\"yoast-schema-graph\">{\"@context\":\"https:\\\/\\\/schema.org\",\"@graph\":[{\"@type\":\"Article\",\"@id\":\"https:\\\/\\\/asso-detours91.fr\\\/index.php\\\/2025\\\/09\\\/30\\\/stage-theatre\\\/#article\",\"isPartOf\":{\"@id\":\"https:\\\/\\\/asso-detours91.fr\\\/index.php\\\/2025\\\/09\\\/30\\\/stage-theatre\\\/\"},\"author\":{\"name\":\"Antoine Schussler\",\"@id\":\"https:\\\/\\\/asso-detours91.fr\\\/#\\\/schema\\\/person\\\/95d1143d2b93d63d8276ee14a0673ba1\"},\"headline\":\"Stage Th\u00e9\u00e2tre\",\"datePublished\":\"2025-09-30T19:03:37+00:00\",\"dateModified\":\"2025-10-10T20:44:53+00:00\",\"mainEntityOfPage\":{\"@id\":\"https:\\\/\\\/asso-detours91.fr\\\/index.php\\\/2025\\\/09\\\/30\\\/stage-theatre\\\/\"},\"wordCount\":72,\"publisher\":{\"@id\":\"https:\\\/\\\/asso-detours91.fr\\\/#organization\"},\"articleSection\":[\"\u00c9v\u00e8nements\"],\"inLanguage\":\"fr-FR\"},{\"@type\":\"WebPage\",\"@id\":\"https:\\\/\\\/asso-detours91.fr\\\/index.php\\\/2025\\\/09\\\/30\\\/stage-theatre\\\/\",\"url\":\"https:\\\/\\\/asso-detours91.fr\\\/index.php\\\/2025\\\/09\\\/30\\\/stage-theatre\\\/\",\"name\":\"Stage Th\u00e9\u00e2tre -\",\"isPartOf\":{\"@id\":\"https:\\\/\\\/asso-detours91.fr\\\/#website\"},\"datePublished\":\"2025-09-30T19:03:37+00:00\",\"dateModified\":\"2025-10-10T20:44:53+00:00\",\"breadcrumb\":{\"@id\":\"https:\\\/\\\/asso-detours91.fr\\\/index.php\\\/2025\\\/09\\\/30\\\/stage-theatre\\\/#breadcrumb\"},\"inLanguage\":\"fr-FR\",\"potentialAction\":[{\"@type\":\"ReadAction\",\"target\":[\"https:\\\/\\\/asso-detours91.fr\\\/index.php\\\/2025\\\/09\\\/30\\\/stage-theatre\\\/\"]}]},{\"@type\":\"BreadcrumbList\",\"@id\":\"https:\\\/\\\/asso-detours91.fr\\\/index.php\\\/2025\\\/09\\\/30\\\/stage-theatre\\\/#breadcrumb\",\"itemListElement\":[{\"@type\":\"ListItem\",\"position\":1,\"name\":\"Accueil\",\"item\":\"https:\\\/\\\/asso-detours91.fr\\\/\"},{\"@type\":\"ListItem\",\"position\":2,\"name\":\"Stage Th\u00e9\u00e2tre\"}]},{\"@type\":\"WebSite\",\"@id\":\"https:\\\/\\\/asso-detours91.fr\\\/#website\",\"url\":\"https:\\\/\\\/asso-detours91.fr\\\/\",\"name\":\"Association D\u00e9tours\",\"description\":\"Faire des d\u00e9tours, changer de regard ...\",\"publisher\":{\"@id\":\"https:\\\/\\\/asso-detours91.fr\\\/#organization\"},\"inLanguage\":\"fr-FR\"},{\"@type\":\"Organization\",\"@id\":\"https:\\\/\\\/asso-detours91.fr\\\/#organization\",\"name\":\"Association D\u00e9tours\",\"url\":\"https:\\\/\\\/asso-detours91.fr\\\/\",\"logo\":{\"@type\":\"ImageObject\",\"inLanguage\":\"fr-FR\",\"@id\":\"https:\\\/\\\/asso-detours91.fr\\\/#\\\/schema\\\/logo\\\/image\\\/\",\"url\":\"https:\\\/\\\/asso-detours91.fr\\\/wp-content\\\/uploads\\\/2025\\\/10\\\/cropped-kids-5741934_960_720.png\",\"contentUrl\":\"https:\\\/\\\/asso-detours91.fr\\\/wp-content\\\/uploads\\\/2025\\\/10\\\/cropped-kids-5741934_960_720.png\",\"width\":956,\"height\":580,\"caption\":\"Association D\u00e9tours\"},\"image\":{\"@id\":\"https:\\\/\\\/asso-detours91.fr\\\/#\\\/schema\\\/logo\\\/image\\\/\"},\"sameAs\":[\"https:\\\/\\\/www.facebook.com\\\/detours91\"]},{\"@type\":\"Person\",\"@id\":\"https:\\\/\\\/asso-detours91.fr\\\/#\\\/schema\\\/person\\\/95d1143d2b93d63d8276ee14a0673ba1\",\"name\":\"Antoine Schussler\",\"image\":{\"@type\":\"ImageObject\",\"inLanguage\":\"fr-FR\",\"@id\":\"https:\\\/\\\/secure.gravatar.com\\\/avatar\\\/76229ae50354425f7d7be60232c039d2d36bef48d975fa9a2f9074b1411b12ef?s=96&d=mm&r=g\",\"url\":\"https:\\\/\\\/secure.gravatar.com\\\/avatar\\\/76229ae50354425f7d7be60232c039d2d36bef48d975fa9a2f9074b1411b12ef?s=96&d=mm&r=g\",\"contentUrl\":\"https:\\\/\\\/secure.gravatar.com\\\/avatar\\\/76229ae50354425f7d7be60232c039d2d36bef48d975fa9a2f9074b1411b12ef?s=96&d=mm&r=g\",\"caption\":\"Antoine Schussler\"},\"url\":\"https:\\\/\\\/asso-detours91.fr\\\/index.php\\\/author\\\/antoine_schussler\\\/\"}]}<\/script>\n<!-- \/ Yoast SEO plugin. -->","yoast_head_json":{"title":"Stage Th\u00e9\u00e2tre -","robots":{"index":"index","follow":"follow","max-snippet":"max-snippet:-1","max-image-preview":"max-image-preview:large","max-video-preview":"max-video-preview:-1"},"canonical":"https:\/\/asso-detours91.fr\/index.php\/2025\/09\/30\/stage-theatre\/","og_locale":"fr_FR","og_type":"article","og_title":"Stage Th\u00e9\u00e2tre -","og_description":"A la MPT de Courdimanche de 14h30 \u00e0 16h30 du 27 au 31 octobre 2025 Public mixte&nbsp;: pour tous les jeunes \u00e0 partir de 8 ans, souffrant ou non de handicap. L\u2019atelier est encadr\u00e9 par deux art-th\u00e9rapeutes de l\u2019association&nbsp;Bleu Soleil. Inscription&nbsp;gratuite et&nbsp;obligatoire aupr\u00e8s de Mathilde Jachym&nbsp;:&nbsp;06 13 25 37 09 (appeler en dehors des heures [&hellip;]","og_url":"https:\/\/asso-detours91.fr\/index.php\/2025\/09\/30\/stage-theatre\/","article_publisher":"https:\/\/www.facebook.com\/detours91","article_published_time":"2025-09-30T19:03:37+00:00","article_modified_time":"2025-10-10T20:44:53+00:00","author":"Antoine Schussler","twitter_card":"summary_large_image","twitter_misc":{"\u00c9crit par":"Antoine Schussler","Dur\u00e9e de lecture estim\u00e9e":"1 minute"},"schema":{"@context":"https:\/\/schema.org","@graph":[{"@type":"Article","@id":"https:\/\/asso-detours91.fr\/index.php\/2025\/09\/30\/stage-theatre\/#article","isPartOf":{"@id":"https:\/\/asso-detours91.fr\/index.php\/2025\/09\/30\/stage-theatre\/"},"author":{"name":"Antoine Schussler","@id":"https:\/\/asso-detours91.fr\/#\/schema\/person\/95d1143d2b93d63d8276ee14a0673ba1"},"headline":"Stage Th\u00e9\u00e2tre","datePublished":"2025-09-30T19:03:37+00:00","dateModified":"2025-10-10T20:44:53+00:00","mainEntityOfPage":{"@id":"https:\/\/asso-detours91.fr\/index.php\/2025\/09\/30\/stage-theatre\/"},"wordCount":72,"publisher":{"@id":"https:\/\/asso-detours91.fr\/#organization"},"articleSection":["\u00c9v\u00e8nements"],"inLanguage":"fr-FR"},{"@type":"WebPage","@id":"https:\/\/asso-detours91.fr\/index.php\/2025\/09\/30\/stage-theatre\/","url":"https:\/\/asso-detours91.fr\/index.php\/2025\/09\/30\/stage-theatre\/","name":"Stage Th\u00e9\u00e2tre -","isPartOf":{"@id":"https:\/\/asso-detours91.fr\/#website"},"datePublished":"2025-09-30T19:03:37+00:00","dateModified":"2025-10-10T20:44:53+00:00","breadcrumb":{"@id":"https:\/\/asso-detours91.fr\/index.php\/2025\/09\/30\/stage-theatre\/#breadcrumb"},"inLanguage":"fr-FR","potentialAction":[{"@type":"ReadAction","target":["https:\/\/asso-detours91.fr\/index.php\/2025\/09\/30\/stage-theatre\/"]}]},{"@type":"BreadcrumbList","@id":"https:\/\/asso-detours91.fr\/index.php\/2025\/09\/30\/stage-theatre\/#breadcrumb","itemListElement":[{"@type":"ListItem","position":1,"name":"Accueil","item":"https:\/\/asso-detours91.fr\/"},{"@type":"ListItem","position":2,"name":"Stage Th\u00e9\u00e2tre"}]},{"@type":"WebSite","@id":"https:\/\/asso-detours91.fr\/#website","url":"https:\/\/asso-detours91.fr\/","name":"Association D\u00e9tours","description":"Faire des d\u00e9tours, changer de regard ...","publisher":{"@id":"https:\/\/asso-detours91.fr\/#organization"},"inLanguage":"fr-FR"},{"@type":"Organization","@id":"https:\/\/asso-detours91.fr\/#organization","name":"Association D\u00e9tours","url":"https:\/\/asso-detours91.fr\/","logo":{"@type":"ImageObject","inLanguage":"fr-FR","@id":"https:\/\/asso-detours91.fr\/#\/schema\/logo\/image\/","url":"https:\/\/asso-detours91.fr\/wp-content\/uploads\/2025\/10\/cropped-kids-5741934_960_720.png","contentUrl":"https:\/\/asso-detours91.fr\/wp-content\/uploads\/2025\/10\/cropped-kids-5741934_960_720.png","width":956,"height":580,"caption":"Association D\u00e9tours"},"image":{"@id":"https:\/\/asso-detours91.fr\/#\/schema\/logo\/image\/"},"sameAs":["https:\/\/www.facebook.com\/detours91"]},{"@type":"Person","@id":"https:\/\/asso-detours91.fr\/#\/schema\/person\/95d1143d2b93d63d8276ee14a0673ba1","name":"Antoine Schussler","image":{"@type":"ImageObject","inLanguage":"fr-FR","@id":"https:\/\/secure.gravatar.com\/avatar\/76229ae50354425f7d7be60232c039d2d36bef48d975fa9a2f9074b1411b12ef?s=96&d=mm&r=g","url":"https:\/\/secure.gravatar.com\/avatar\/76229ae50354425f7d7be60232c039d2d36bef48d975fa9a2f9074b1411b12ef?s=96&d=mm&r=g","contentUrl":"https:\/\/secure.gravatar.com\/avatar\/76229ae50354425f7d7be60232c039d2d36bef48d975fa9a2f9074b1411b12ef?s=96&d=mm&r=g","caption":"Antoine Schussler"},"url":"https:\/\/asso-detours91.fr\/index.php\/author\/antoine_schussler\/"}]}},"jetpack_featured_media_url":"","jetpack_sharing_enabled":true,"_links":{"self":[{"href":"https:\/\/asso-detours91.fr\/index.php\/wp-json\/wp\/v2\/posts\/241","targetHints":{"allow":["GET"]}}],"collection":[{"href":"https:\/\/asso-detours91.fr\/index.php\/wp-json\/wp\/v2\/posts"}],"about":[{"href":"https:\/\/asso-detours91.fr\/index.php\/wp-json\/wp\/v2\/types\/post"}],"author":[{"embeddable":true,"href":"https:\/\/asso-detours91.fr\/index.php\/wp-json\/wp\/v2\/users\/3"}],"replies":[{"embeddable":true,"href":"https:\/\/asso-detours91.fr\/index.php\/wp-json\/wp\/v2\/comments?post=241"}],"version-history":[{"count":2,"href":"https:\/\/asso-detours91.fr\/index.php\/wp-json\/wp\/v2\/posts\/241\/revisions"}],"predecessor-version":[{"id":245,"href":"https:\/\/asso-detours91.fr\/index.php\/wp-json\/wp\/v2\/posts\/241\/revisions\/245"}],"wp:attachment":[{"href":"https:\/\/asso-detours91.fr\/index.php\/wp-json\/wp\/v2\/media?parent=241"}],"wp:term":[{"taxonomy":"category","embeddable":true,"href":"https:\/\/asso-detours91.fr\/index.php\/wp-json\/wp\/v2\/categories?post=241"},{"taxonomy":"post_tag","embeddable":true,"href":"https:\/\/asso-detours91.fr\/index.php\/wp-json\/wp\/v2\/tags?post=241"}],"curies":[{"name":"wp","href":"https:\/\/api.w.org\/{rel}","templated":true}]}}