{"id":232,"date":"2025-09-15T10:33:10","date_gmt":"2025-09-15T08:33:10","guid":{"rendered":"https:\/\/asso-detours91.fr\/?p=232"},"modified":"2025-11-03T09:23:47","modified_gmt":"2025-11-03T08:23:47","slug":"groupe-de-parole","status":"publish","type":"post","link":"https:\/\/asso-detours91.fr\/index.php\/2025\/09\/15\/groupe-de-parole\/","title":{"rendered":"Groupe de parole (septembre)"},"content":{"rendered":"\n<p>Groupe de parole pour parents de personnes avec TSA le <strong>mardi 16 septembre 20h30<\/strong> au LCR 15 Courdimanche, 91940 LES ULIS. Inscription souhait\u00e9e mais non obligatoire \u00e0\u00a0<a href=\"mailto:associationdetours91@gmail.com\" target=\"_blank\" rel=\"noreferrer noopener\">associationdetours91@gmail.com<\/a>\u00a0ou\u00a0<a href=\"mailto:sylviemeredith@yahoo.fr\" target=\"_blank\" rel=\"noreferrer noopener\">sylviemeredith@yahoo.fr<\/a><\/p>\n","protected":false},"excerpt":{"rendered":"<p>Groupe de parole pour parents de personnes avec TSA le mardi 16 septembre 20h30 au LCR 15 Courdimanche, 91940 LES ULIS. Inscription souhait\u00e9e mais non obligatoire \u00e0\u00a0associationdetours91@gmail.com\u00a0ou\u00a0sylviemeredith@yahoo.fr<\/p>\n","protected":false},"author":3,"featured_media":0,"comment_status":"closed","ping_status":"closed","sticky":false,"template":"","format":"standard","meta":{"jetpack_post_was_ever_published":false,"_jetpack_newsletter_access":"","_jetpack_dont_email_post_to_subs":false,"_jetpack_newsletter_tier_id":0,"_jetpack_memberships_contains_paywalled_content":false,"_jetpack_memberships_contains_paid_content":false,"footnotes":""},"categories":[4],"tags":[],"class_list":["post-232","post","type-post","status-publish","format-standard","hentry","category-evenements"],"yoast_head":"<!-- This site is optimized with the Yoast SEO plugin v27.4 - https:\/\/yoast.com\/product\/yoast-seo-wordpress\/ -->\n<title>Groupe de parole (septembre) -<\/title>\n<meta name=\"robots\" content=\"index, follow, max-snippet:-1, max-image-preview:large, max-video-preview:-1\" \/>\n<link rel=\"canonical\" href=\"https:\/\/asso-detours91.fr\/index.php\/2025\/09\/15\/groupe-de-parole\/\" \/>\n<meta property=\"og:locale\" content=\"fr_FR\" \/>\n<meta property=\"og:type\" content=\"article\" \/>\n<meta property=\"og:title\" content=\"Groupe de parole (septembre) -\" \/>\n<meta property=\"og:description\" content=\"Groupe de parole pour parents de personnes avec TSA le mardi 16 septembre 20h30 au LCR 15 Courdimanche, 91940 LES ULIS. Inscription souhait\u00e9e mais non obligatoire \u00e0\u00a0associationdetours91@gmail.com\u00a0ou\u00a0sylviemeredith@yahoo.fr\" \/>\n<meta property=\"og:url\" content=\"https:\/\/asso-detours91.fr\/index.php\/2025\/09\/15\/groupe-de-parole\/\" \/>\n<meta property=\"article:publisher\" content=\"https:\/\/www.facebook.com\/detours91\" \/>\n<meta property=\"article:published_time\" content=\"2025-09-15T08:33:10+00:00\" \/>\n<meta property=\"article:modified_time\" content=\"2025-11-03T08:23:47+00:00\" \/>\n<meta name=\"author\" content=\"Antoine Schussler\" \/>\n<meta name=\"twitter:card\" content=\"summary_large_image\" \/>\n<meta name=\"twitter:label1\" content=\"\u00c9crit par\" \/>\n\t<meta name=\"twitter:data1\" content=\"Antoine Schussler\" \/>\n\t<meta name=\"twitter:label2\" content=\"Dur\u00e9e de lecture estim\u00e9e\" \/>\n\t<meta name=\"twitter:data2\" content=\"1 minute\" \/>\n<script type=\"application\/ld+json\" class=\"yoast-schema-graph\">{\"@context\":\"https:\\\/\\\/schema.org\",\"@graph\":[{\"@type\":\"Article\",\"@id\":\"https:\\\/\\\/asso-detours91.fr\\\/index.php\\\/2025\\\/09\\\/15\\\/groupe-de-parole\\\/#article\",\"isPartOf\":{\"@id\":\"https:\\\/\\\/asso-detours91.fr\\\/index.php\\\/2025\\\/09\\\/15\\\/groupe-de-parole\\\/\"},\"author\":{\"name\":\"Antoine Schussler\",\"@id\":\"https:\\\/\\\/asso-detours91.fr\\\/#\\\/schema\\\/person\\\/95d1143d2b93d63d8276ee14a0673ba1\"},\"headline\":\"Groupe de parole (septembre)\",\"datePublished\":\"2025-09-15T08:33:10+00:00\",\"dateModified\":\"2025-11-03T08:23:47+00:00\",\"mainEntityOfPage\":{\"@id\":\"https:\\\/\\\/asso-detours91.fr\\\/index.php\\\/2025\\\/09\\\/15\\\/groupe-de-parole\\\/\"},\"wordCount\":35,\"publisher\":{\"@id\":\"https:\\\/\\\/asso-detours91.fr\\\/#organization\"},\"articleSection\":[\"\u00c9v\u00e8nements\"],\"inLanguage\":\"fr-FR\"},{\"@type\":\"WebPage\",\"@id\":\"https:\\\/\\\/asso-detours91.fr\\\/index.php\\\/2025\\\/09\\\/15\\\/groupe-de-parole\\\/\",\"url\":\"https:\\\/\\\/asso-detours91.fr\\\/index.php\\\/2025\\\/09\\\/15\\\/groupe-de-parole\\\/\",\"name\":\"Groupe de parole (septembre) -\",\"isPartOf\":{\"@id\":\"https:\\\/\\\/asso-detours91.fr\\\/#website\"},\"datePublished\":\"2025-09-15T08:33:10+00:00\",\"dateModified\":\"2025-11-03T08:23:47+00:00\",\"breadcrumb\":{\"@id\":\"https:\\\/\\\/asso-detours91.fr\\\/index.php\\\/2025\\\/09\\\/15\\\/groupe-de-parole\\\/#breadcrumb\"},\"inLanguage\":\"fr-FR\",\"potentialAction\":[{\"@type\":\"ReadAction\",\"target\":[\"https:\\\/\\\/asso-detours91.fr\\\/index.php\\\/2025\\\/09\\\/15\\\/groupe-de-parole\\\/\"]}]},{\"@type\":\"BreadcrumbList\",\"@id\":\"https:\\\/\\\/asso-detours91.fr\\\/index.php\\\/2025\\\/09\\\/15\\\/groupe-de-parole\\\/#breadcrumb\",\"itemListElement\":[{\"@type\":\"ListItem\",\"position\":1,\"name\":\"Accueil\",\"item\":\"https:\\\/\\\/asso-detours91.fr\\\/\"},{\"@type\":\"ListItem\",\"position\":2,\"name\":\"Groupe de parole (septembre)\"}]},{\"@type\":\"WebSite\",\"@id\":\"https:\\\/\\\/asso-detours91.fr\\\/#website\",\"url\":\"https:\\\/\\\/asso-detours91.fr\\\/\",\"name\":\"Association D\u00e9tours\",\"description\":\"Faire des d\u00e9tours, changer de regard ...\",\"publisher\":{\"@id\":\"https:\\\/\\\/asso-detours91.fr\\\/#organization\"},\"inLanguage\":\"fr-FR\"},{\"@type\":\"Organization\",\"@id\":\"https:\\\/\\\/asso-detours91.fr\\\/#organization\",\"name\":\"Association D\u00e9tours\",\"url\":\"https:\\\/\\\/asso-detours91.fr\\\/\",\"logo\":{\"@type\":\"ImageObject\",\"inLanguage\":\"fr-FR\",\"@id\":\"https:\\\/\\\/asso-detours91.fr\\\/#\\\/schema\\\/logo\\\/image\\\/\",\"url\":\"https:\\\/\\\/asso-detours91.fr\\\/wp-content\\\/uploads\\\/2025\\\/10\\\/cropped-kids-5741934_960_720.png\",\"contentUrl\":\"https:\\\/\\\/asso-detours91.fr\\\/wp-content\\\/uploads\\\/2025\\\/10\\\/cropped-kids-5741934_960_720.png\",\"width\":956,\"height\":580,\"caption\":\"Association D\u00e9tours\"},\"image\":{\"@id\":\"https:\\\/\\\/asso-detours91.fr\\\/#\\\/schema\\\/logo\\\/image\\\/\"},\"sameAs\":[\"https:\\\/\\\/www.facebook.com\\\/detours91\"]},{\"@type\":\"Person\",\"@id\":\"https:\\\/\\\/asso-detours91.fr\\\/#\\\/schema\\\/person\\\/95d1143d2b93d63d8276ee14a0673ba1\",\"name\":\"Antoine Schussler\",\"image\":{\"@type\":\"ImageObject\",\"inLanguage\":\"fr-FR\",\"@id\":\"https:\\\/\\\/secure.gravatar.com\\\/avatar\\\/76229ae50354425f7d7be60232c039d2d36bef48d975fa9a2f9074b1411b12ef?s=96&d=mm&r=g\",\"url\":\"https:\\\/\\\/secure.gravatar.com\\\/avatar\\\/76229ae50354425f7d7be60232c039d2d36bef48d975fa9a2f9074b1411b12ef?s=96&d=mm&r=g\",\"contentUrl\":\"https:\\\/\\\/secure.gravatar.com\\\/avatar\\\/76229ae50354425f7d7be60232c039d2d36bef48d975fa9a2f9074b1411b12ef?s=96&d=mm&r=g\",\"caption\":\"Antoine Schussler\"},\"url\":\"https:\\\/\\\/asso-detours91.fr\\\/index.php\\\/author\\\/antoine_schussler\\\/\"}]}<\/script>\n<!-- \/ Yoast SEO plugin. -->","yoast_head_json":{"title":"Groupe de parole (septembre) -","robots":{"index":"index","follow":"follow","max-snippet":"max-snippet:-1","max-image-preview":"max-image-preview:large","max-video-preview":"max-video-preview:-1"},"canonical":"https:\/\/asso-detours91.fr\/index.php\/2025\/09\/15\/groupe-de-parole\/","og_locale":"fr_FR","og_type":"article","og_title":"Groupe de parole (septembre) -","og_description":"Groupe de parole pour parents de personnes avec TSA le mardi 16 septembre 20h30 au LCR 15 Courdimanche, 91940 LES ULIS. Inscription souhait\u00e9e mais non obligatoire \u00e0\u00a0associationdetours91@gmail.com\u00a0ou\u00a0sylviemeredith@yahoo.fr","og_url":"https:\/\/asso-detours91.fr\/index.php\/2025\/09\/15\/groupe-de-parole\/","article_publisher":"https:\/\/www.facebook.com\/detours91","article_published_time":"2025-09-15T08:33:10+00:00","article_modified_time":"2025-11-03T08:23:47+00:00","author":"Antoine Schussler","twitter_card":"summary_large_image","twitter_misc":{"\u00c9crit par":"Antoine Schussler","Dur\u00e9e de lecture estim\u00e9e":"1 minute"},"schema":{"@context":"https:\/\/schema.org","@graph":[{"@type":"Article","@id":"https:\/\/asso-detours91.fr\/index.php\/2025\/09\/15\/groupe-de-parole\/#article","isPartOf":{"@id":"https:\/\/asso-detours91.fr\/index.php\/2025\/09\/15\/groupe-de-parole\/"},"author":{"name":"Antoine Schussler","@id":"https:\/\/asso-detours91.fr\/#\/schema\/person\/95d1143d2b93d63d8276ee14a0673ba1"},"headline":"Groupe de parole (septembre)","datePublished":"2025-09-15T08:33:10+00:00","dateModified":"2025-11-03T08:23:47+00:00","mainEntityOfPage":{"@id":"https:\/\/asso-detours91.fr\/index.php\/2025\/09\/15\/groupe-de-parole\/"},"wordCount":35,"publisher":{"@id":"https:\/\/asso-detours91.fr\/#organization"},"articleSection":["\u00c9v\u00e8nements"],"inLanguage":"fr-FR"},{"@type":"WebPage","@id":"https:\/\/asso-detours91.fr\/index.php\/2025\/09\/15\/groupe-de-parole\/","url":"https:\/\/asso-detours91.fr\/index.php\/2025\/09\/15\/groupe-de-parole\/","name":"Groupe de parole (septembre) -","isPartOf":{"@id":"https:\/\/asso-detours91.fr\/#website"},"datePublished":"2025-09-15T08:33:10+00:00","dateModified":"2025-11-03T08:23:47+00:00","breadcrumb":{"@id":"https:\/\/asso-detours91.fr\/index.php\/2025\/09\/15\/groupe-de-parole\/#breadcrumb"},"inLanguage":"fr-FR","potentialAction":[{"@type":"ReadAction","target":["https:\/\/asso-detours91.fr\/index.php\/2025\/09\/15\/groupe-de-parole\/"]}]},{"@type":"BreadcrumbList","@id":"https:\/\/asso-detours91.fr\/index.php\/2025\/09\/15\/groupe-de-parole\/#breadcrumb","itemListElement":[{"@type":"ListItem","position":1,"name":"Accueil","item":"https:\/\/asso-detours91.fr\/"},{"@type":"ListItem","position":2,"name":"Groupe de parole (septembre)"}]},{"@type":"WebSite","@id":"https:\/\/asso-detours91.fr\/#website","url":"https:\/\/asso-detours91.fr\/","name":"Association D\u00e9tours","description":"Faire des d\u00e9tours, changer de regard ...","publisher":{"@id":"https:\/\/asso-detours91.fr\/#organization"},"inLanguage":"fr-FR"},{"@type":"Organization","@id":"https:\/\/asso-detours91.fr\/#organization","name":"Association D\u00e9tours","url":"https:\/\/asso-detours91.fr\/","logo":{"@type":"ImageObject","inLanguage":"fr-FR","@id":"https:\/\/asso-detours91.fr\/#\/schema\/logo\/image\/","url":"https:\/\/asso-detours91.fr\/wp-content\/uploads\/2025\/10\/cropped-kids-5741934_960_720.png","contentUrl":"https:\/\/asso-detours91.fr\/wp-content\/uploads\/2025\/10\/cropped-kids-5741934_960_720.png","width":956,"height":580,"caption":"Association D\u00e9tours"},"image":{"@id":"https:\/\/asso-detours91.fr\/#\/schema\/logo\/image\/"},"sameAs":["https:\/\/www.facebook.com\/detours91"]},{"@type":"Person","@id":"https:\/\/asso-detours91.fr\/#\/schema\/person\/95d1143d2b93d63d8276ee14a0673ba1","name":"Antoine Schussler","image":{"@type":"ImageObject","inLanguage":"fr-FR","@id":"https:\/\/secure.gravatar.com\/avatar\/76229ae50354425f7d7be60232c039d2d36bef48d975fa9a2f9074b1411b12ef?s=96&d=mm&r=g","url":"https:\/\/secure.gravatar.com\/avatar\/76229ae50354425f7d7be60232c039d2d36bef48d975fa9a2f9074b1411b12ef?s=96&d=mm&r=g","contentUrl":"https:\/\/secure.gravatar.com\/avatar\/76229ae50354425f7d7be60232c039d2d36bef48d975fa9a2f9074b1411b12ef?s=96&d=mm&r=g","caption":"Antoine Schussler"},"url":"https:\/\/asso-detours91.fr\/index.php\/author\/antoine_schussler\/"}]}},"jetpack_featured_media_url":"","jetpack_sharing_enabled":true,"_links":{"self":[{"href":"https:\/\/asso-detours91.fr\/index.php\/wp-json\/wp\/v2\/posts\/232","targetHints":{"allow":["GET"]}}],"collection":[{"href":"https:\/\/asso-detours91.fr\/index.php\/wp-json\/wp\/v2\/posts"}],"about":[{"href":"https:\/\/asso-detours91.fr\/index.php\/wp-json\/wp\/v2\/types\/post"}],"author":[{"embeddable":true,"href":"https:\/\/asso-detours91.fr\/index.php\/wp-json\/wp\/v2\/users\/3"}],"replies":[{"embeddable":true,"href":"https:\/\/asso-detours91.fr\/index.php\/wp-json\/wp\/v2\/comments?post=232"}],"version-history":[{"count":4,"href":"https:\/\/asso-detours91.fr\/index.php\/wp-json\/wp\/v2\/posts\/232\/revisions"}],"predecessor-version":[{"id":268,"href":"https:\/\/asso-detours91.fr\/index.php\/wp-json\/wp\/v2\/posts\/232\/revisions\/268"}],"wp:attachment":[{"href":"https:\/\/asso-detours91.fr\/index.php\/wp-json\/wp\/v2\/media?parent=232"}],"wp:term":[{"taxonomy":"category","embeddable":true,"href":"https:\/\/asso-detours91.fr\/index.php\/wp-json\/wp\/v2\/categories?post=232"},{"taxonomy":"post_tag","embeddable":true,"href":"https:\/\/asso-detours91.fr\/index.php\/wp-json\/wp\/v2\/tags?post=232"}],"curies":[{"name":"wp","href":"https:\/\/api.w.org\/{rel}","templated":true}]}}