{"id":187,"date":"2025-09-01T11:57:11","date_gmt":"2025-09-01T09:57:11","guid":{"rendered":"https:\/\/asso-detours91.fr\/?p=187"},"modified":"2025-09-12T13:32:15","modified_gmt":"2025-09-12T11:32:15","slug":"forum-des-associations-2025","status":"publish","type":"post","link":"https:\/\/asso-detours91.fr\/index.php\/2025\/09\/01\/forum-des-associations-2025\/","title":{"rendered":"Forums des associations 2025"},"content":{"rendered":"\n<p>Aux Ulis, le samedi 6 septembre de 9h \u00e0 17h \u00e0 l&rsquo;espace Boris Vian \u00eelot B stand 18. <\/p>\n\n\n\n<p>A Gif, le samedi 6 septembre au ch\u00e2teau de Belleville. <\/p>\n\n\n\n<p>A Orsay, le dimanche 7 septembre au gymnase Blondin<\/p>\n\n\n\n<figure class=\"wp-block-image size-full is-resized\"><img loading=\"lazy\" decoding=\"async\" width=\"800\" height=\"520\" src=\"https:\/\/asso-detours91.fr\/wp-content\/uploads\/2025\/09\/Forum-des-asso.jpg\" alt=\"\" class=\"wp-image-188\" style=\"width:517px;height:auto\" srcset=\"https:\/\/asso-detours91.fr\/wp-content\/uploads\/2025\/09\/Forum-des-asso.jpg 800w, https:\/\/asso-detours91.fr\/wp-content\/uploads\/2025\/09\/Forum-des-asso-300x195.jpg 300w, https:\/\/asso-detours91.fr\/wp-content\/uploads\/2025\/09\/Forum-des-asso-768x499.jpg 768w\" sizes=\"auto, (max-width: 800px) 100vw, 800px\" \/><\/figure>\n\n\n\n<p><\/p>\n","protected":false},"excerpt":{"rendered":"<p>Aux Ulis, le samedi 6 septembre de 9h \u00e0 17h \u00e0 l&rsquo;espace Boris Vian \u00eelot B stand 18. A Gif, le samedi 6 septembre au ch\u00e2teau de Belleville. A Orsay, le dimanche 7 septembre au gymnase Blondin<\/p>\n","protected":false},"author":3,"featured_media":0,"comment_status":"closed","ping_status":"closed","sticky":false,"template":"","format":"standard","meta":{"jetpack_post_was_ever_published":false,"_jetpack_newsletter_access":"","_jetpack_dont_email_post_to_subs":false,"_jetpack_newsletter_tier_id":0,"_jetpack_memberships_contains_paywalled_content":false,"_jetpack_memberships_contains_paid_content":false,"footnotes":""},"categories":[4],"tags":[],"class_list":["post-187","post","type-post","status-publish","format-standard","hentry","category-evenements"],"yoast_head":"<!-- This site is optimized with the Yoast SEO plugin v27.4 - https:\/\/yoast.com\/product\/yoast-seo-wordpress\/ -->\n<title>Forums des associations 2025 -<\/title>\n<meta name=\"robots\" content=\"index, follow, max-snippet:-1, max-image-preview:large, max-video-preview:-1\" \/>\n<link rel=\"canonical\" href=\"https:\/\/asso-detours91.fr\/index.php\/2025\/09\/01\/forum-des-associations-2025\/\" \/>\n<meta property=\"og:locale\" content=\"fr_FR\" \/>\n<meta property=\"og:type\" content=\"article\" \/>\n<meta property=\"og:title\" content=\"Forums des associations 2025 -\" \/>\n<meta property=\"og:description\" content=\"Aux Ulis, le samedi 6 septembre de 9h \u00e0 17h \u00e0 l&rsquo;espace Boris Vian \u00eelot B stand 18. A Gif, le samedi 6 septembre au ch\u00e2teau de Belleville. A Orsay, le dimanche 7 septembre au gymnase Blondin\" \/>\n<meta property=\"og:url\" content=\"https:\/\/asso-detours91.fr\/index.php\/2025\/09\/01\/forum-des-associations-2025\/\" \/>\n<meta property=\"article:publisher\" content=\"https:\/\/www.facebook.com\/detours91\" \/>\n<meta property=\"article:published_time\" content=\"2025-09-01T09:57:11+00:00\" \/>\n<meta property=\"article:modified_time\" content=\"2025-09-12T11:32:15+00:00\" \/>\n<meta property=\"og:image\" content=\"https:\/\/asso-detours91.fr\/wp-content\/uploads\/2025\/09\/Forum-des-asso.jpg\" \/>\n\t<meta property=\"og:image:width\" content=\"800\" \/>\n\t<meta property=\"og:image:height\" content=\"520\" \/>\n\t<meta property=\"og:image:type\" content=\"image\/jpeg\" \/>\n<meta name=\"author\" content=\"Antoine Schussler\" \/>\n<meta name=\"twitter:card\" content=\"summary_large_image\" \/>\n<meta name=\"twitter:label1\" content=\"\u00c9crit par\" \/>\n\t<meta name=\"twitter:data1\" content=\"Antoine Schussler\" \/>\n<script type=\"application\/ld+json\" class=\"yoast-schema-graph\">{\"@context\":\"https:\\\/\\\/schema.org\",\"@graph\":[{\"@type\":\"Article\",\"@id\":\"https:\\\/\\\/asso-detours91.fr\\\/index.php\\\/2025\\\/09\\\/01\\\/forum-des-associations-2025\\\/#article\",\"isPartOf\":{\"@id\":\"https:\\\/\\\/asso-detours91.fr\\\/index.php\\\/2025\\\/09\\\/01\\\/forum-des-associations-2025\\\/\"},\"author\":{\"name\":\"Antoine Schussler\",\"@id\":\"https:\\\/\\\/asso-detours91.fr\\\/#\\\/schema\\\/person\\\/95d1143d2b93d63d8276ee14a0673ba1\"},\"headline\":\"Forums des associations 2025\",\"datePublished\":\"2025-09-01T09:57:11+00:00\",\"dateModified\":\"2025-09-12T11:32:15+00:00\",\"mainEntityOfPage\":{\"@id\":\"https:\\\/\\\/asso-detours91.fr\\\/index.php\\\/2025\\\/09\\\/01\\\/forum-des-associations-2025\\\/\"},\"wordCount\":36,\"publisher\":{\"@id\":\"https:\\\/\\\/asso-detours91.fr\\\/#organization\"},\"image\":{\"@id\":\"https:\\\/\\\/asso-detours91.fr\\\/index.php\\\/2025\\\/09\\\/01\\\/forum-des-associations-2025\\\/#primaryimage\"},\"thumbnailUrl\":\"https:\\\/\\\/asso-detours91.fr\\\/wp-content\\\/uploads\\\/2025\\\/09\\\/Forum-des-asso.jpg\",\"articleSection\":[\"\u00c9v\u00e8nements\"],\"inLanguage\":\"fr-FR\"},{\"@type\":\"WebPage\",\"@id\":\"https:\\\/\\\/asso-detours91.fr\\\/index.php\\\/2025\\\/09\\\/01\\\/forum-des-associations-2025\\\/\",\"url\":\"https:\\\/\\\/asso-detours91.fr\\\/index.php\\\/2025\\\/09\\\/01\\\/forum-des-associations-2025\\\/\",\"name\":\"Forums des associations 2025 -\",\"isPartOf\":{\"@id\":\"https:\\\/\\\/asso-detours91.fr\\\/#website\"},\"primaryImageOfPage\":{\"@id\":\"https:\\\/\\\/asso-detours91.fr\\\/index.php\\\/2025\\\/09\\\/01\\\/forum-des-associations-2025\\\/#primaryimage\"},\"image\":{\"@id\":\"https:\\\/\\\/asso-detours91.fr\\\/index.php\\\/2025\\\/09\\\/01\\\/forum-des-associations-2025\\\/#primaryimage\"},\"thumbnailUrl\":\"https:\\\/\\\/asso-detours91.fr\\\/wp-content\\\/uploads\\\/2025\\\/09\\\/Forum-des-asso.jpg\",\"datePublished\":\"2025-09-01T09:57:11+00:00\",\"dateModified\":\"2025-09-12T11:32:15+00:00\",\"breadcrumb\":{\"@id\":\"https:\\\/\\\/asso-detours91.fr\\\/index.php\\\/2025\\\/09\\\/01\\\/forum-des-associations-2025\\\/#breadcrumb\"},\"inLanguage\":\"fr-FR\",\"potentialAction\":[{\"@type\":\"ReadAction\",\"target\":[\"https:\\\/\\\/asso-detours91.fr\\\/index.php\\\/2025\\\/09\\\/01\\\/forum-des-associations-2025\\\/\"]}]},{\"@type\":\"ImageObject\",\"inLanguage\":\"fr-FR\",\"@id\":\"https:\\\/\\\/asso-detours91.fr\\\/index.php\\\/2025\\\/09\\\/01\\\/forum-des-associations-2025\\\/#primaryimage\",\"url\":\"https:\\\/\\\/asso-detours91.fr\\\/wp-content\\\/uploads\\\/2025\\\/09\\\/Forum-des-asso.jpg\",\"contentUrl\":\"https:\\\/\\\/asso-detours91.fr\\\/wp-content\\\/uploads\\\/2025\\\/09\\\/Forum-des-asso.jpg\",\"width\":800,\"height\":520},{\"@type\":\"BreadcrumbList\",\"@id\":\"https:\\\/\\\/asso-detours91.fr\\\/index.php\\\/2025\\\/09\\\/01\\\/forum-des-associations-2025\\\/#breadcrumb\",\"itemListElement\":[{\"@type\":\"ListItem\",\"position\":1,\"name\":\"Accueil\",\"item\":\"https:\\\/\\\/asso-detours91.fr\\\/\"},{\"@type\":\"ListItem\",\"position\":2,\"name\":\"Forums des associations 2025\"}]},{\"@type\":\"WebSite\",\"@id\":\"https:\\\/\\\/asso-detours91.fr\\\/#website\",\"url\":\"https:\\\/\\\/asso-detours91.fr\\\/\",\"name\":\"Association D\u00e9tours\",\"description\":\"Faire des d\u00e9tours, changer de regard ...\",\"publisher\":{\"@id\":\"https:\\\/\\\/asso-detours91.fr\\\/#organization\"},\"inLanguage\":\"fr-FR\"},{\"@type\":\"Organization\",\"@id\":\"https:\\\/\\\/asso-detours91.fr\\\/#organization\",\"name\":\"Association D\u00e9tours\",\"url\":\"https:\\\/\\\/asso-detours91.fr\\\/\",\"logo\":{\"@type\":\"ImageObject\",\"inLanguage\":\"fr-FR\",\"@id\":\"https:\\\/\\\/asso-detours91.fr\\\/#\\\/schema\\\/logo\\\/image\\\/\",\"url\":\"https:\\\/\\\/asso-detours91.fr\\\/wp-content\\\/uploads\\\/2025\\\/10\\\/cropped-kids-5741934_960_720.png\",\"contentUrl\":\"https:\\\/\\\/asso-detours91.fr\\\/wp-content\\\/uploads\\\/2025\\\/10\\\/cropped-kids-5741934_960_720.png\",\"width\":956,\"height\":580,\"caption\":\"Association D\u00e9tours\"},\"image\":{\"@id\":\"https:\\\/\\\/asso-detours91.fr\\\/#\\\/schema\\\/logo\\\/image\\\/\"},\"sameAs\":[\"https:\\\/\\\/www.facebook.com\\\/detours91\"]},{\"@type\":\"Person\",\"@id\":\"https:\\\/\\\/asso-detours91.fr\\\/#\\\/schema\\\/person\\\/95d1143d2b93d63d8276ee14a0673ba1\",\"name\":\"Antoine Schussler\",\"image\":{\"@type\":\"ImageObject\",\"inLanguage\":\"fr-FR\",\"@id\":\"https:\\\/\\\/secure.gravatar.com\\\/avatar\\\/76229ae50354425f7d7be60232c039d2d36bef48d975fa9a2f9074b1411b12ef?s=96&d=mm&r=g\",\"url\":\"https:\\\/\\\/secure.gravatar.com\\\/avatar\\\/76229ae50354425f7d7be60232c039d2d36bef48d975fa9a2f9074b1411b12ef?s=96&d=mm&r=g\",\"contentUrl\":\"https:\\\/\\\/secure.gravatar.com\\\/avatar\\\/76229ae50354425f7d7be60232c039d2d36bef48d975fa9a2f9074b1411b12ef?s=96&d=mm&r=g\",\"caption\":\"Antoine Schussler\"},\"url\":\"https:\\\/\\\/asso-detours91.fr\\\/index.php\\\/author\\\/antoine_schussler\\\/\"}]}<\/script>\n<!-- \/ Yoast SEO plugin. -->","yoast_head_json":{"title":"Forums des associations 2025 -","robots":{"index":"index","follow":"follow","max-snippet":"max-snippet:-1","max-image-preview":"max-image-preview:large","max-video-preview":"max-video-preview:-1"},"canonical":"https:\/\/asso-detours91.fr\/index.php\/2025\/09\/01\/forum-des-associations-2025\/","og_locale":"fr_FR","og_type":"article","og_title":"Forums des associations 2025 -","og_description":"Aux Ulis, le samedi 6 septembre de 9h \u00e0 17h \u00e0 l&rsquo;espace Boris Vian \u00eelot B stand 18. A Gif, le samedi 6 septembre au ch\u00e2teau de Belleville. A Orsay, le dimanche 7 septembre au gymnase Blondin","og_url":"https:\/\/asso-detours91.fr\/index.php\/2025\/09\/01\/forum-des-associations-2025\/","article_publisher":"https:\/\/www.facebook.com\/detours91","article_published_time":"2025-09-01T09:57:11+00:00","article_modified_time":"2025-09-12T11:32:15+00:00","og_image":[{"width":800,"height":520,"url":"https:\/\/asso-detours91.fr\/wp-content\/uploads\/2025\/09\/Forum-des-asso.jpg","type":"image\/jpeg"}],"author":"Antoine Schussler","twitter_card":"summary_large_image","twitter_misc":{"\u00c9crit par":"Antoine Schussler"},"schema":{"@context":"https:\/\/schema.org","@graph":[{"@type":"Article","@id":"https:\/\/asso-detours91.fr\/index.php\/2025\/09\/01\/forum-des-associations-2025\/#article","isPartOf":{"@id":"https:\/\/asso-detours91.fr\/index.php\/2025\/09\/01\/forum-des-associations-2025\/"},"author":{"name":"Antoine Schussler","@id":"https:\/\/asso-detours91.fr\/#\/schema\/person\/95d1143d2b93d63d8276ee14a0673ba1"},"headline":"Forums des associations 2025","datePublished":"2025-09-01T09:57:11+00:00","dateModified":"2025-09-12T11:32:15+00:00","mainEntityOfPage":{"@id":"https:\/\/asso-detours91.fr\/index.php\/2025\/09\/01\/forum-des-associations-2025\/"},"wordCount":36,"publisher":{"@id":"https:\/\/asso-detours91.fr\/#organization"},"image":{"@id":"https:\/\/asso-detours91.fr\/index.php\/2025\/09\/01\/forum-des-associations-2025\/#primaryimage"},"thumbnailUrl":"https:\/\/asso-detours91.fr\/wp-content\/uploads\/2025\/09\/Forum-des-asso.jpg","articleSection":["\u00c9v\u00e8nements"],"inLanguage":"fr-FR"},{"@type":"WebPage","@id":"https:\/\/asso-detours91.fr\/index.php\/2025\/09\/01\/forum-des-associations-2025\/","url":"https:\/\/asso-detours91.fr\/index.php\/2025\/09\/01\/forum-des-associations-2025\/","name":"Forums des associations 2025 -","isPartOf":{"@id":"https:\/\/asso-detours91.fr\/#website"},"primaryImageOfPage":{"@id":"https:\/\/asso-detours91.fr\/index.php\/2025\/09\/01\/forum-des-associations-2025\/#primaryimage"},"image":{"@id":"https:\/\/asso-detours91.fr\/index.php\/2025\/09\/01\/forum-des-associations-2025\/#primaryimage"},"thumbnailUrl":"https:\/\/asso-detours91.fr\/wp-content\/uploads\/2025\/09\/Forum-des-asso.jpg","datePublished":"2025-09-01T09:57:11+00:00","dateModified":"2025-09-12T11:32:15+00:00","breadcrumb":{"@id":"https:\/\/asso-detours91.fr\/index.php\/2025\/09\/01\/forum-des-associations-2025\/#breadcrumb"},"inLanguage":"fr-FR","potentialAction":[{"@type":"ReadAction","target":["https:\/\/asso-detours91.fr\/index.php\/2025\/09\/01\/forum-des-associations-2025\/"]}]},{"@type":"ImageObject","inLanguage":"fr-FR","@id":"https:\/\/asso-detours91.fr\/index.php\/2025\/09\/01\/forum-des-associations-2025\/#primaryimage","url":"https:\/\/asso-detours91.fr\/wp-content\/uploads\/2025\/09\/Forum-des-asso.jpg","contentUrl":"https:\/\/asso-detours91.fr\/wp-content\/uploads\/2025\/09\/Forum-des-asso.jpg","width":800,"height":520},{"@type":"BreadcrumbList","@id":"https:\/\/asso-detours91.fr\/index.php\/2025\/09\/01\/forum-des-associations-2025\/#breadcrumb","itemListElement":[{"@type":"ListItem","position":1,"name":"Accueil","item":"https:\/\/asso-detours91.fr\/"},{"@type":"ListItem","position":2,"name":"Forums des associations 2025"}]},{"@type":"WebSite","@id":"https:\/\/asso-detours91.fr\/#website","url":"https:\/\/asso-detours91.fr\/","name":"Association D\u00e9tours","description":"Faire des d\u00e9tours, changer de regard ...","publisher":{"@id":"https:\/\/asso-detours91.fr\/#organization"},"inLanguage":"fr-FR"},{"@type":"Organization","@id":"https:\/\/asso-detours91.fr\/#organization","name":"Association D\u00e9tours","url":"https:\/\/asso-detours91.fr\/","logo":{"@type":"ImageObject","inLanguage":"fr-FR","@id":"https:\/\/asso-detours91.fr\/#\/schema\/logo\/image\/","url":"https:\/\/asso-detours91.fr\/wp-content\/uploads\/2025\/10\/cropped-kids-5741934_960_720.png","contentUrl":"https:\/\/asso-detours91.fr\/wp-content\/uploads\/2025\/10\/cropped-kids-5741934_960_720.png","width":956,"height":580,"caption":"Association D\u00e9tours"},"image":{"@id":"https:\/\/asso-detours91.fr\/#\/schema\/logo\/image\/"},"sameAs":["https:\/\/www.facebook.com\/detours91"]},{"@type":"Person","@id":"https:\/\/asso-detours91.fr\/#\/schema\/person\/95d1143d2b93d63d8276ee14a0673ba1","name":"Antoine Schussler","image":{"@type":"ImageObject","inLanguage":"fr-FR","@id":"https:\/\/secure.gravatar.com\/avatar\/76229ae50354425f7d7be60232c039d2d36bef48d975fa9a2f9074b1411b12ef?s=96&d=mm&r=g","url":"https:\/\/secure.gravatar.com\/avatar\/76229ae50354425f7d7be60232c039d2d36bef48d975fa9a2f9074b1411b12ef?s=96&d=mm&r=g","contentUrl":"https:\/\/secure.gravatar.com\/avatar\/76229ae50354425f7d7be60232c039d2d36bef48d975fa9a2f9074b1411b12ef?s=96&d=mm&r=g","caption":"Antoine Schussler"},"url":"https:\/\/asso-detours91.fr\/index.php\/author\/antoine_schussler\/"}]}},"jetpack_featured_media_url":"","jetpack_sharing_enabled":true,"_links":{"self":[{"href":"https:\/\/asso-detours91.fr\/index.php\/wp-json\/wp\/v2\/posts\/187","targetHints":{"allow":["GET"]}}],"collection":[{"href":"https:\/\/asso-detours91.fr\/index.php\/wp-json\/wp\/v2\/posts"}],"about":[{"href":"https:\/\/asso-detours91.fr\/index.php\/wp-json\/wp\/v2\/types\/post"}],"author":[{"embeddable":true,"href":"https:\/\/asso-detours91.fr\/index.php\/wp-json\/wp\/v2\/users\/3"}],"replies":[{"embeddable":true,"href":"https:\/\/asso-detours91.fr\/index.php\/wp-json\/wp\/v2\/comments?post=187"}],"version-history":[{"count":2,"href":"https:\/\/asso-detours91.fr\/index.php\/wp-json\/wp\/v2\/posts\/187\/revisions"}],"predecessor-version":[{"id":230,"href":"https:\/\/asso-detours91.fr\/index.php\/wp-json\/wp\/v2\/posts\/187\/revisions\/230"}],"wp:attachment":[{"href":"https:\/\/asso-detours91.fr\/index.php\/wp-json\/wp\/v2\/media?parent=187"}],"wp:term":[{"taxonomy":"category","embeddable":true,"href":"https:\/\/asso-detours91.fr\/index.php\/wp-json\/wp\/v2\/categories?post=187"},{"taxonomy":"post_tag","embeddable":true,"href":"https:\/\/asso-detours91.fr\/index.php\/wp-json\/wp\/v2\/tags?post=187"}],"curies":[{"name":"wp","href":"https:\/\/api.w.org\/{rel}","templated":true}]}}