{"id":131,"date":"2025-06-15T17:51:21","date_gmt":"2025-06-15T15:51:21","guid":{"rendered":"https:\/\/asso-detours91.fr\/?p=131"},"modified":"2025-08-16T17:17:10","modified_gmt":"2025-08-16T15:17:10","slug":"enquete-ars-sur-les-proches-aidants","status":"publish","type":"post","link":"https:\/\/asso-detours91.fr\/index.php\/2025\/06\/15\/enquete-ars-sur-les-proches-aidants\/","title":{"rendered":"Enqu\u00eate ARS sur les proches aidants"},"content":{"rendered":"\n<p>Dans le cadre de sa feuille de route d\u00e9di\u00e9e au soutien des aidants de personnes \u00e2g\u00e9es ou en situation de handicap, l\u2019Agence R\u00e9gionale de Sant\u00e9 \u00cele de France lance une enqu\u00eate visant \u00e0 saisir les besoins des proches aidants franciliens. Elle a confi\u00e9 la r\u00e9alisation de cette enqu\u00eate au CREAI \u00cele de France. <br><br>Cette enqu\u00eate peut \u00eatre compl\u00e9t\u00e9e de deux fa\u00e7ons :<br><br> En ligne, via le lien suivant : <a href=\"https:\/\/app.evalandgo.com\/f\/261317\/4q1PVwyNv4CiyWLEwTEA79\">https:\/\/app.evalandgo.com\/f\/261317\/4q1PVwyNv4CiyWLEwTEA79<\/a><br> En format papier, avec le formulaire que nous vous adressons en pi\u00e8ce jointe.<br><br>Le lien est anonyme : les r\u00e9pondants ne peuvent pas \u00eatre identifi\u00e9s.Les questionnaires en format papier peuvent \u00eatre envoy\u00e9s par courrier au CREAI IDF, 41 rue de Bellechasse, 75007 Paris. <br><br>Dans le cadre de la r\u00e9glementation relative aux donn\u00e9es personnelles, nous vous demandons d\u2019\u00eatre vigilant, en cas d\u2019envoi par courrier ou par mail, \u00e0 n\u2019indiquer aucune information qui permettrait d\u2019identifier une personne (nom ou pr\u00e9nom, adresse postale, etc.). <br><br>Les r\u00e9ponses sont attendues au plus tard le 30 juin 2025.<\/p>\n\n\n\n<p>&#8212;<\/p>\n","protected":false},"excerpt":{"rendered":"<p>Dans le cadre de sa feuille de route d\u00e9di\u00e9e au soutien des aidants de personnes \u00e2g\u00e9es ou en situation de handicap, l\u2019Agence R\u00e9gionale de Sant\u00e9 \u00cele de France lance une enqu\u00eate visant \u00e0 saisir les besoins des proches aidants franciliens. Elle a confi\u00e9 la r\u00e9alisation de cette enqu\u00eate au CREAI \u00cele de France. Cette enqu\u00eate [&hellip;]<\/p>\n","protected":false},"author":2,"featured_media":0,"comment_status":"closed","ping_status":"closed","sticky":false,"template":"","format":"standard","meta":{"jetpack_post_was_ever_published":false,"_jetpack_newsletter_access":"","_jetpack_dont_email_post_to_subs":false,"_jetpack_newsletter_tier_id":0,"_jetpack_memberships_contains_paywalled_content":false,"_jetpack_memberships_contains_paid_content":false,"footnotes":""},"categories":[5],"tags":[],"class_list":["post-131","post","type-post","status-publish","format-standard","hentry","category-reunions"],"yoast_head":"<!-- This site is optimized with the Yoast SEO plugin v27.4 - https:\/\/yoast.com\/product\/yoast-seo-wordpress\/ -->\n<title>Enqu\u00eate ARS sur les proches aidants -<\/title>\n<meta name=\"robots\" content=\"index, follow, max-snippet:-1, max-image-preview:large, max-video-preview:-1\" \/>\n<link rel=\"canonical\" href=\"https:\/\/asso-detours91.fr\/index.php\/2025\/06\/15\/enquete-ars-sur-les-proches-aidants\/\" \/>\n<meta property=\"og:locale\" content=\"fr_FR\" \/>\n<meta property=\"og:type\" content=\"article\" \/>\n<meta property=\"og:title\" content=\"Enqu\u00eate ARS sur les proches aidants -\" \/>\n<meta property=\"og:description\" content=\"Dans le cadre de sa feuille de route d\u00e9di\u00e9e au soutien des aidants de personnes \u00e2g\u00e9es ou en situation de handicap, l\u2019Agence R\u00e9gionale de Sant\u00e9 \u00cele de France lance une enqu\u00eate visant \u00e0 saisir les besoins des proches aidants franciliens. Elle a confi\u00e9 la r\u00e9alisation de cette enqu\u00eate au CREAI \u00cele de France. Cette enqu\u00eate [&hellip;]\" \/>\n<meta property=\"og:url\" content=\"https:\/\/asso-detours91.fr\/index.php\/2025\/06\/15\/enquete-ars-sur-les-proches-aidants\/\" \/>\n<meta property=\"article:publisher\" content=\"https:\/\/www.facebook.com\/detours91\" \/>\n<meta property=\"article:published_time\" content=\"2025-06-15T15:51:21+00:00\" \/>\n<meta property=\"article:modified_time\" content=\"2025-08-16T15:17:10+00:00\" \/>\n<meta name=\"author\" content=\"Math\" \/>\n<meta name=\"twitter:card\" content=\"summary_large_image\" \/>\n<meta name=\"twitter:label1\" content=\"\u00c9crit par\" \/>\n\t<meta name=\"twitter:data1\" content=\"Math\" \/>\n\t<meta name=\"twitter:label2\" content=\"Dur\u00e9e de lecture estim\u00e9e\" \/>\n\t<meta name=\"twitter:data2\" content=\"1 minute\" \/>\n<script type=\"application\/ld+json\" class=\"yoast-schema-graph\">{\"@context\":\"https:\\\/\\\/schema.org\",\"@graph\":[{\"@type\":\"Article\",\"@id\":\"https:\\\/\\\/asso-detours91.fr\\\/index.php\\\/2025\\\/06\\\/15\\\/enquete-ars-sur-les-proches-aidants\\\/#article\",\"isPartOf\":{\"@id\":\"https:\\\/\\\/asso-detours91.fr\\\/index.php\\\/2025\\\/06\\\/15\\\/enquete-ars-sur-les-proches-aidants\\\/\"},\"author\":{\"name\":\"Math\",\"@id\":\"https:\\\/\\\/asso-detours91.fr\\\/#\\\/schema\\\/person\\\/d5fb98f7c018e57b02d8aa78963791fc\"},\"headline\":\"Enqu\u00eate ARS sur les proches aidants\",\"datePublished\":\"2025-06-15T15:51:21+00:00\",\"dateModified\":\"2025-08-16T15:17:10+00:00\",\"mainEntityOfPage\":{\"@id\":\"https:\\\/\\\/asso-detours91.fr\\\/index.php\\\/2025\\\/06\\\/15\\\/enquete-ars-sur-les-proches-aidants\\\/\"},\"wordCount\":193,\"publisher\":{\"@id\":\"https:\\\/\\\/asso-detours91.fr\\\/#organization\"},\"articleSection\":[\"R\u00e9unions\"],\"inLanguage\":\"fr-FR\"},{\"@type\":\"WebPage\",\"@id\":\"https:\\\/\\\/asso-detours91.fr\\\/index.php\\\/2025\\\/06\\\/15\\\/enquete-ars-sur-les-proches-aidants\\\/\",\"url\":\"https:\\\/\\\/asso-detours91.fr\\\/index.php\\\/2025\\\/06\\\/15\\\/enquete-ars-sur-les-proches-aidants\\\/\",\"name\":\"Enqu\u00eate ARS sur les proches aidants -\",\"isPartOf\":{\"@id\":\"https:\\\/\\\/asso-detours91.fr\\\/#website\"},\"datePublished\":\"2025-06-15T15:51:21+00:00\",\"dateModified\":\"2025-08-16T15:17:10+00:00\",\"breadcrumb\":{\"@id\":\"https:\\\/\\\/asso-detours91.fr\\\/index.php\\\/2025\\\/06\\\/15\\\/enquete-ars-sur-les-proches-aidants\\\/#breadcrumb\"},\"inLanguage\":\"fr-FR\",\"potentialAction\":[{\"@type\":\"ReadAction\",\"target\":[\"https:\\\/\\\/asso-detours91.fr\\\/index.php\\\/2025\\\/06\\\/15\\\/enquete-ars-sur-les-proches-aidants\\\/\"]}]},{\"@type\":\"BreadcrumbList\",\"@id\":\"https:\\\/\\\/asso-detours91.fr\\\/index.php\\\/2025\\\/06\\\/15\\\/enquete-ars-sur-les-proches-aidants\\\/#breadcrumb\",\"itemListElement\":[{\"@type\":\"ListItem\",\"position\":1,\"name\":\"Accueil\",\"item\":\"https:\\\/\\\/asso-detours91.fr\\\/\"},{\"@type\":\"ListItem\",\"position\":2,\"name\":\"Enqu\u00eate ARS sur les proches aidants\"}]},{\"@type\":\"WebSite\",\"@id\":\"https:\\\/\\\/asso-detours91.fr\\\/#website\",\"url\":\"https:\\\/\\\/asso-detours91.fr\\\/\",\"name\":\"Association D\u00e9tours\",\"description\":\"Faire des d\u00e9tours, changer de regard ...\",\"publisher\":{\"@id\":\"https:\\\/\\\/asso-detours91.fr\\\/#organization\"},\"inLanguage\":\"fr-FR\"},{\"@type\":\"Organization\",\"@id\":\"https:\\\/\\\/asso-detours91.fr\\\/#organization\",\"name\":\"Association D\u00e9tours\",\"url\":\"https:\\\/\\\/asso-detours91.fr\\\/\",\"logo\":{\"@type\":\"ImageObject\",\"inLanguage\":\"fr-FR\",\"@id\":\"https:\\\/\\\/asso-detours91.fr\\\/#\\\/schema\\\/logo\\\/image\\\/\",\"url\":\"https:\\\/\\\/asso-detours91.fr\\\/wp-content\\\/uploads\\\/2025\\\/10\\\/cropped-kids-5741934_960_720.png\",\"contentUrl\":\"https:\\\/\\\/asso-detours91.fr\\\/wp-content\\\/uploads\\\/2025\\\/10\\\/cropped-kids-5741934_960_720.png\",\"width\":956,\"height\":580,\"caption\":\"Association D\u00e9tours\"},\"image\":{\"@id\":\"https:\\\/\\\/asso-detours91.fr\\\/#\\\/schema\\\/logo\\\/image\\\/\"},\"sameAs\":[\"https:\\\/\\\/www.facebook.com\\\/detours91\"]},{\"@type\":\"Person\",\"@id\":\"https:\\\/\\\/asso-detours91.fr\\\/#\\\/schema\\\/person\\\/d5fb98f7c018e57b02d8aa78963791fc\",\"name\":\"Math\",\"image\":{\"@type\":\"ImageObject\",\"inLanguage\":\"fr-FR\",\"@id\":\"https:\\\/\\\/secure.gravatar.com\\\/avatar\\\/df215d2a8123b8be01b51950f7a8c120e1a301bf3dd70e05531836bf7b2f0bbd?s=96&d=mm&r=g\",\"url\":\"https:\\\/\\\/secure.gravatar.com\\\/avatar\\\/df215d2a8123b8be01b51950f7a8c120e1a301bf3dd70e05531836bf7b2f0bbd?s=96&d=mm&r=g\",\"contentUrl\":\"https:\\\/\\\/secure.gravatar.com\\\/avatar\\\/df215d2a8123b8be01b51950f7a8c120e1a301bf3dd70e05531836bf7b2f0bbd?s=96&d=mm&r=g\",\"caption\":\"Math\"},\"url\":\"https:\\\/\\\/asso-detours91.fr\\\/index.php\\\/author\\\/mathilde-jachym\\\/\"}]}<\/script>\n<!-- \/ Yoast SEO plugin. -->","yoast_head_json":{"title":"Enqu\u00eate ARS sur les proches aidants -","robots":{"index":"index","follow":"follow","max-snippet":"max-snippet:-1","max-image-preview":"max-image-preview:large","max-video-preview":"max-video-preview:-1"},"canonical":"https:\/\/asso-detours91.fr\/index.php\/2025\/06\/15\/enquete-ars-sur-les-proches-aidants\/","og_locale":"fr_FR","og_type":"article","og_title":"Enqu\u00eate ARS sur les proches aidants -","og_description":"Dans le cadre de sa feuille de route d\u00e9di\u00e9e au soutien des aidants de personnes \u00e2g\u00e9es ou en situation de handicap, l\u2019Agence R\u00e9gionale de Sant\u00e9 \u00cele de France lance une enqu\u00eate visant \u00e0 saisir les besoins des proches aidants franciliens. Elle a confi\u00e9 la r\u00e9alisation de cette enqu\u00eate au CREAI \u00cele de France. Cette enqu\u00eate [&hellip;]","og_url":"https:\/\/asso-detours91.fr\/index.php\/2025\/06\/15\/enquete-ars-sur-les-proches-aidants\/","article_publisher":"https:\/\/www.facebook.com\/detours91","article_published_time":"2025-06-15T15:51:21+00:00","article_modified_time":"2025-08-16T15:17:10+00:00","author":"Math","twitter_card":"summary_large_image","twitter_misc":{"\u00c9crit par":"Math","Dur\u00e9e de lecture estim\u00e9e":"1 minute"},"schema":{"@context":"https:\/\/schema.org","@graph":[{"@type":"Article","@id":"https:\/\/asso-detours91.fr\/index.php\/2025\/06\/15\/enquete-ars-sur-les-proches-aidants\/#article","isPartOf":{"@id":"https:\/\/asso-detours91.fr\/index.php\/2025\/06\/15\/enquete-ars-sur-les-proches-aidants\/"},"author":{"name":"Math","@id":"https:\/\/asso-detours91.fr\/#\/schema\/person\/d5fb98f7c018e57b02d8aa78963791fc"},"headline":"Enqu\u00eate ARS sur les proches aidants","datePublished":"2025-06-15T15:51:21+00:00","dateModified":"2025-08-16T15:17:10+00:00","mainEntityOfPage":{"@id":"https:\/\/asso-detours91.fr\/index.php\/2025\/06\/15\/enquete-ars-sur-les-proches-aidants\/"},"wordCount":193,"publisher":{"@id":"https:\/\/asso-detours91.fr\/#organization"},"articleSection":["R\u00e9unions"],"inLanguage":"fr-FR"},{"@type":"WebPage","@id":"https:\/\/asso-detours91.fr\/index.php\/2025\/06\/15\/enquete-ars-sur-les-proches-aidants\/","url":"https:\/\/asso-detours91.fr\/index.php\/2025\/06\/15\/enquete-ars-sur-les-proches-aidants\/","name":"Enqu\u00eate ARS sur les proches aidants -","isPartOf":{"@id":"https:\/\/asso-detours91.fr\/#website"},"datePublished":"2025-06-15T15:51:21+00:00","dateModified":"2025-08-16T15:17:10+00:00","breadcrumb":{"@id":"https:\/\/asso-detours91.fr\/index.php\/2025\/06\/15\/enquete-ars-sur-les-proches-aidants\/#breadcrumb"},"inLanguage":"fr-FR","potentialAction":[{"@type":"ReadAction","target":["https:\/\/asso-detours91.fr\/index.php\/2025\/06\/15\/enquete-ars-sur-les-proches-aidants\/"]}]},{"@type":"BreadcrumbList","@id":"https:\/\/asso-detours91.fr\/index.php\/2025\/06\/15\/enquete-ars-sur-les-proches-aidants\/#breadcrumb","itemListElement":[{"@type":"ListItem","position":1,"name":"Accueil","item":"https:\/\/asso-detours91.fr\/"},{"@type":"ListItem","position":2,"name":"Enqu\u00eate ARS sur les proches aidants"}]},{"@type":"WebSite","@id":"https:\/\/asso-detours91.fr\/#website","url":"https:\/\/asso-detours91.fr\/","name":"Association D\u00e9tours","description":"Faire des d\u00e9tours, changer de regard ...","publisher":{"@id":"https:\/\/asso-detours91.fr\/#organization"},"inLanguage":"fr-FR"},{"@type":"Organization","@id":"https:\/\/asso-detours91.fr\/#organization","name":"Association D\u00e9tours","url":"https:\/\/asso-detours91.fr\/","logo":{"@type":"ImageObject","inLanguage":"fr-FR","@id":"https:\/\/asso-detours91.fr\/#\/schema\/logo\/image\/","url":"https:\/\/asso-detours91.fr\/wp-content\/uploads\/2025\/10\/cropped-kids-5741934_960_720.png","contentUrl":"https:\/\/asso-detours91.fr\/wp-content\/uploads\/2025\/10\/cropped-kids-5741934_960_720.png","width":956,"height":580,"caption":"Association D\u00e9tours"},"image":{"@id":"https:\/\/asso-detours91.fr\/#\/schema\/logo\/image\/"},"sameAs":["https:\/\/www.facebook.com\/detours91"]},{"@type":"Person","@id":"https:\/\/asso-detours91.fr\/#\/schema\/person\/d5fb98f7c018e57b02d8aa78963791fc","name":"Math","image":{"@type":"ImageObject","inLanguage":"fr-FR","@id":"https:\/\/secure.gravatar.com\/avatar\/df215d2a8123b8be01b51950f7a8c120e1a301bf3dd70e05531836bf7b2f0bbd?s=96&d=mm&r=g","url":"https:\/\/secure.gravatar.com\/avatar\/df215d2a8123b8be01b51950f7a8c120e1a301bf3dd70e05531836bf7b2f0bbd?s=96&d=mm&r=g","contentUrl":"https:\/\/secure.gravatar.com\/avatar\/df215d2a8123b8be01b51950f7a8c120e1a301bf3dd70e05531836bf7b2f0bbd?s=96&d=mm&r=g","caption":"Math"},"url":"https:\/\/asso-detours91.fr\/index.php\/author\/mathilde-jachym\/"}]}},"jetpack_featured_media_url":"","jetpack_sharing_enabled":true,"_links":{"self":[{"href":"https:\/\/asso-detours91.fr\/index.php\/wp-json\/wp\/v2\/posts\/131","targetHints":{"allow":["GET"]}}],"collection":[{"href":"https:\/\/asso-detours91.fr\/index.php\/wp-json\/wp\/v2\/posts"}],"about":[{"href":"https:\/\/asso-detours91.fr\/index.php\/wp-json\/wp\/v2\/types\/post"}],"author":[{"embeddable":true,"href":"https:\/\/asso-detours91.fr\/index.php\/wp-json\/wp\/v2\/users\/2"}],"replies":[{"embeddable":true,"href":"https:\/\/asso-detours91.fr\/index.php\/wp-json\/wp\/v2\/comments?post=131"}],"version-history":[{"count":4,"href":"https:\/\/asso-detours91.fr\/index.php\/wp-json\/wp\/v2\/posts\/131\/revisions"}],"predecessor-version":[{"id":150,"href":"https:\/\/asso-detours91.fr\/index.php\/wp-json\/wp\/v2\/posts\/131\/revisions\/150"}],"wp:attachment":[{"href":"https:\/\/asso-detours91.fr\/index.php\/wp-json\/wp\/v2\/media?parent=131"}],"wp:term":[{"taxonomy":"category","embeddable":true,"href":"https:\/\/asso-detours91.fr\/index.php\/wp-json\/wp\/v2\/categories?post=131"},{"taxonomy":"post_tag","embeddable":true,"href":"https:\/\/asso-detours91.fr\/index.php\/wp-json\/wp\/v2\/tags?post=131"}],"curies":[{"name":"wp","href":"https:\/\/api.w.org\/{rel}","templated":true}]}}