{"id":118,"date":"2025-05-19T15:37:37","date_gmt":"2025-05-19T13:37:37","guid":{"rendered":"https:\/\/asso-detours91.fr\/?p=118"},"modified":"2025-08-16T17:17:37","modified_gmt":"2025-08-16T15:17:37","slug":"pique-nique-en-famille-avec-le-gem","status":"publish","type":"post","link":"https:\/\/asso-detours91.fr\/index.php\/2025\/05\/19\/pique-nique-en-famille-avec-le-gem\/","title":{"rendered":"Pique-Nique en famille avec le GEM"},"content":{"rendered":"\n<p><strong><u> le Dimanche 22 juin 2025<\/u><\/strong><\/p>\n\n\n\n<figure class=\"wp-block-image size-full is-resized\"><img loading=\"lazy\" decoding=\"async\" width=\"512\" height=\"345\" src=\"https:\/\/asso-detours91.fr\/wp-content\/uploads\/2025\/05\/grivery-plan.png\" alt=\"\" class=\"wp-image-119\" style=\"width:233px;height:auto\" srcset=\"https:\/\/asso-detours91.fr\/wp-content\/uploads\/2025\/05\/grivery-plan.png 512w, https:\/\/asso-detours91.fr\/wp-content\/uploads\/2025\/05\/grivery-plan-300x202.png 300w\" sizes=\"auto, (max-width: 512px) 100vw, 512px\" \/><\/figure>\n\n\n\n<p><strong>\u00e0 l<\/strong><strong>&lsquo;\u00e9co lieu de Grivery<\/strong><strong><a href=\"https:\/\/www.google.com\/maps\/place\/\/data=!4m2!3m1!1s0x47e5d5c6535aba27:0x5a94c8cf5396529a?sa=X&amp;ved=1t:8290&amp;ictx=111\">1<\/a><\/strong><\/p>\n\n\n\n<p><strong><a href=\"https:\/\/www.google.com\/maps\/place\/\/data=!4m2!3m1!1s0x47e5d5c6535aba27:0x5a94c8cf5396529a?sa=X&amp;ved=1t:8290&amp;ictx=111\">Imp. du Vieux Puits, 91940 Gometz-le-Ch\u00e2tel<\/a><\/strong><\/p>\n\n\n\n<p><strong>(cot\u00e9 St Jean de Beauregard)<\/strong><\/p>\n\n\n\n<p>&#8212;<\/p>\n","protected":false},"excerpt":{"rendered":"<p>le Dimanche 22 juin 2025 \u00e0 l&lsquo;\u00e9co lieu de Grivery1 Imp. du Vieux Puits, 91940 Gometz-le-Ch\u00e2tel (cot\u00e9 St Jean de Beauregard) &#8212;<\/p>\n","protected":false},"author":2,"featured_media":0,"comment_status":"closed","ping_status":"closed","sticky":false,"template":"","format":"standard","meta":{"jetpack_post_was_ever_published":false,"_jetpack_newsletter_access":"","_jetpack_dont_email_post_to_subs":false,"_jetpack_newsletter_tier_id":0,"_jetpack_memberships_contains_paywalled_content":false,"_jetpack_memberships_contains_paid_content":false,"footnotes":""},"categories":[4],"tags":[],"class_list":["post-118","post","type-post","status-publish","format-standard","hentry","category-evenements"],"yoast_head":"<!-- This site is optimized with the Yoast SEO plugin v27.4 - https:\/\/yoast.com\/product\/yoast-seo-wordpress\/ -->\n<title>Pique-Nique en famille avec le GEM -<\/title>\n<meta name=\"robots\" content=\"index, follow, max-snippet:-1, max-image-preview:large, max-video-preview:-1\" \/>\n<link rel=\"canonical\" href=\"https:\/\/asso-detours91.fr\/index.php\/2025\/05\/19\/pique-nique-en-famille-avec-le-gem\/\" \/>\n<meta property=\"og:locale\" content=\"fr_FR\" \/>\n<meta property=\"og:type\" content=\"article\" \/>\n<meta property=\"og:title\" content=\"Pique-Nique en famille avec le GEM -\" \/>\n<meta property=\"og:description\" content=\"le Dimanche 22 juin 2025 \u00e0 l&lsquo;\u00e9co lieu de Grivery1 Imp. du Vieux Puits, 91940 Gometz-le-Ch\u00e2tel (cot\u00e9 St Jean de Beauregard) &#8212;\" \/>\n<meta property=\"og:url\" content=\"https:\/\/asso-detours91.fr\/index.php\/2025\/05\/19\/pique-nique-en-famille-avec-le-gem\/\" \/>\n<meta property=\"article:publisher\" content=\"https:\/\/www.facebook.com\/detours91\" \/>\n<meta property=\"article:published_time\" content=\"2025-05-19T13:37:37+00:00\" \/>\n<meta property=\"article:modified_time\" content=\"2025-08-16T15:17:37+00:00\" \/>\n<meta property=\"og:image\" content=\"https:\/\/asso-detours91.fr\/wp-content\/uploads\/2025\/05\/grivery-plan.png\" \/>\n\t<meta property=\"og:image:width\" content=\"512\" \/>\n\t<meta property=\"og:image:height\" content=\"345\" \/>\n\t<meta property=\"og:image:type\" content=\"image\/png\" \/>\n<meta name=\"author\" content=\"Math\" \/>\n<meta name=\"twitter:card\" content=\"summary_large_image\" \/>\n<meta name=\"twitter:label1\" content=\"\u00c9crit par\" \/>\n\t<meta name=\"twitter:data1\" content=\"Math\" \/>\n\t<meta name=\"twitter:label2\" content=\"Dur\u00e9e de lecture estim\u00e9e\" \/>\n\t<meta name=\"twitter:data2\" content=\"1 minute\" \/>\n<script type=\"application\/ld+json\" class=\"yoast-schema-graph\">{\"@context\":\"https:\\\/\\\/schema.org\",\"@graph\":[{\"@type\":\"Article\",\"@id\":\"https:\\\/\\\/asso-detours91.fr\\\/index.php\\\/2025\\\/05\\\/19\\\/pique-nique-en-famille-avec-le-gem\\\/#article\",\"isPartOf\":{\"@id\":\"https:\\\/\\\/asso-detours91.fr\\\/index.php\\\/2025\\\/05\\\/19\\\/pique-nique-en-famille-avec-le-gem\\\/\"},\"author\":{\"name\":\"Math\",\"@id\":\"https:\\\/\\\/asso-detours91.fr\\\/#\\\/schema\\\/person\\\/d5fb98f7c018e57b02d8aa78963791fc\"},\"headline\":\"Pique-Nique en famille avec le GEM\",\"datePublished\":\"2025-05-19T13:37:37+00:00\",\"dateModified\":\"2025-08-16T15:17:37+00:00\",\"mainEntityOfPage\":{\"@id\":\"https:\\\/\\\/asso-detours91.fr\\\/index.php\\\/2025\\\/05\\\/19\\\/pique-nique-en-famille-avec-le-gem\\\/\"},\"wordCount\":26,\"publisher\":{\"@id\":\"https:\\\/\\\/asso-detours91.fr\\\/#organization\"},\"image\":{\"@id\":\"https:\\\/\\\/asso-detours91.fr\\\/index.php\\\/2025\\\/05\\\/19\\\/pique-nique-en-famille-avec-le-gem\\\/#primaryimage\"},\"thumbnailUrl\":\"https:\\\/\\\/asso-detours91.fr\\\/wp-content\\\/uploads\\\/2025\\\/05\\\/grivery-plan.png\",\"articleSection\":[\"\u00c9v\u00e8nements\"],\"inLanguage\":\"fr-FR\"},{\"@type\":\"WebPage\",\"@id\":\"https:\\\/\\\/asso-detours91.fr\\\/index.php\\\/2025\\\/05\\\/19\\\/pique-nique-en-famille-avec-le-gem\\\/\",\"url\":\"https:\\\/\\\/asso-detours91.fr\\\/index.php\\\/2025\\\/05\\\/19\\\/pique-nique-en-famille-avec-le-gem\\\/\",\"name\":\"Pique-Nique en famille avec le GEM -\",\"isPartOf\":{\"@id\":\"https:\\\/\\\/asso-detours91.fr\\\/#website\"},\"primaryImageOfPage\":{\"@id\":\"https:\\\/\\\/asso-detours91.fr\\\/index.php\\\/2025\\\/05\\\/19\\\/pique-nique-en-famille-avec-le-gem\\\/#primaryimage\"},\"image\":{\"@id\":\"https:\\\/\\\/asso-detours91.fr\\\/index.php\\\/2025\\\/05\\\/19\\\/pique-nique-en-famille-avec-le-gem\\\/#primaryimage\"},\"thumbnailUrl\":\"https:\\\/\\\/asso-detours91.fr\\\/wp-content\\\/uploads\\\/2025\\\/05\\\/grivery-plan.png\",\"datePublished\":\"2025-05-19T13:37:37+00:00\",\"dateModified\":\"2025-08-16T15:17:37+00:00\",\"breadcrumb\":{\"@id\":\"https:\\\/\\\/asso-detours91.fr\\\/index.php\\\/2025\\\/05\\\/19\\\/pique-nique-en-famille-avec-le-gem\\\/#breadcrumb\"},\"inLanguage\":\"fr-FR\",\"potentialAction\":[{\"@type\":\"ReadAction\",\"target\":[\"https:\\\/\\\/asso-detours91.fr\\\/index.php\\\/2025\\\/05\\\/19\\\/pique-nique-en-famille-avec-le-gem\\\/\"]}]},{\"@type\":\"ImageObject\",\"inLanguage\":\"fr-FR\",\"@id\":\"https:\\\/\\\/asso-detours91.fr\\\/index.php\\\/2025\\\/05\\\/19\\\/pique-nique-en-famille-avec-le-gem\\\/#primaryimage\",\"url\":\"https:\\\/\\\/asso-detours91.fr\\\/wp-content\\\/uploads\\\/2025\\\/05\\\/grivery-plan.png\",\"contentUrl\":\"https:\\\/\\\/asso-detours91.fr\\\/wp-content\\\/uploads\\\/2025\\\/05\\\/grivery-plan.png\",\"width\":512,\"height\":345},{\"@type\":\"BreadcrumbList\",\"@id\":\"https:\\\/\\\/asso-detours91.fr\\\/index.php\\\/2025\\\/05\\\/19\\\/pique-nique-en-famille-avec-le-gem\\\/#breadcrumb\",\"itemListElement\":[{\"@type\":\"ListItem\",\"position\":1,\"name\":\"Accueil\",\"item\":\"https:\\\/\\\/asso-detours91.fr\\\/\"},{\"@type\":\"ListItem\",\"position\":2,\"name\":\"Pique-Nique en famille avec le GEM\"}]},{\"@type\":\"WebSite\",\"@id\":\"https:\\\/\\\/asso-detours91.fr\\\/#website\",\"url\":\"https:\\\/\\\/asso-detours91.fr\\\/\",\"name\":\"Association D\u00e9tours\",\"description\":\"Faire des d\u00e9tours, changer de regard ...\",\"publisher\":{\"@id\":\"https:\\\/\\\/asso-detours91.fr\\\/#organization\"},\"inLanguage\":\"fr-FR\"},{\"@type\":\"Organization\",\"@id\":\"https:\\\/\\\/asso-detours91.fr\\\/#organization\",\"name\":\"Association D\u00e9tours\",\"url\":\"https:\\\/\\\/asso-detours91.fr\\\/\",\"logo\":{\"@type\":\"ImageObject\",\"inLanguage\":\"fr-FR\",\"@id\":\"https:\\\/\\\/asso-detours91.fr\\\/#\\\/schema\\\/logo\\\/image\\\/\",\"url\":\"https:\\\/\\\/asso-detours91.fr\\\/wp-content\\\/uploads\\\/2025\\\/10\\\/cropped-kids-5741934_960_720.png\",\"contentUrl\":\"https:\\\/\\\/asso-detours91.fr\\\/wp-content\\\/uploads\\\/2025\\\/10\\\/cropped-kids-5741934_960_720.png\",\"width\":956,\"height\":580,\"caption\":\"Association D\u00e9tours\"},\"image\":{\"@id\":\"https:\\\/\\\/asso-detours91.fr\\\/#\\\/schema\\\/logo\\\/image\\\/\"},\"sameAs\":[\"https:\\\/\\\/www.facebook.com\\\/detours91\"]},{\"@type\":\"Person\",\"@id\":\"https:\\\/\\\/asso-detours91.fr\\\/#\\\/schema\\\/person\\\/d5fb98f7c018e57b02d8aa78963791fc\",\"name\":\"Math\",\"image\":{\"@type\":\"ImageObject\",\"inLanguage\":\"fr-FR\",\"@id\":\"https:\\\/\\\/secure.gravatar.com\\\/avatar\\\/df215d2a8123b8be01b51950f7a8c120e1a301bf3dd70e05531836bf7b2f0bbd?s=96&d=mm&r=g\",\"url\":\"https:\\\/\\\/secure.gravatar.com\\\/avatar\\\/df215d2a8123b8be01b51950f7a8c120e1a301bf3dd70e05531836bf7b2f0bbd?s=96&d=mm&r=g\",\"contentUrl\":\"https:\\\/\\\/secure.gravatar.com\\\/avatar\\\/df215d2a8123b8be01b51950f7a8c120e1a301bf3dd70e05531836bf7b2f0bbd?s=96&d=mm&r=g\",\"caption\":\"Math\"},\"url\":\"https:\\\/\\\/asso-detours91.fr\\\/index.php\\\/author\\\/mathilde-jachym\\\/\"}]}<\/script>\n<!-- \/ Yoast SEO plugin. -->","yoast_head_json":{"title":"Pique-Nique en famille avec le GEM -","robots":{"index":"index","follow":"follow","max-snippet":"max-snippet:-1","max-image-preview":"max-image-preview:large","max-video-preview":"max-video-preview:-1"},"canonical":"https:\/\/asso-detours91.fr\/index.php\/2025\/05\/19\/pique-nique-en-famille-avec-le-gem\/","og_locale":"fr_FR","og_type":"article","og_title":"Pique-Nique en famille avec le GEM -","og_description":"le Dimanche 22 juin 2025 \u00e0 l&lsquo;\u00e9co lieu de Grivery1 Imp. du Vieux Puits, 91940 Gometz-le-Ch\u00e2tel (cot\u00e9 St Jean de Beauregard) &#8212;","og_url":"https:\/\/asso-detours91.fr\/index.php\/2025\/05\/19\/pique-nique-en-famille-avec-le-gem\/","article_publisher":"https:\/\/www.facebook.com\/detours91","article_published_time":"2025-05-19T13:37:37+00:00","article_modified_time":"2025-08-16T15:17:37+00:00","og_image":[{"width":512,"height":345,"url":"https:\/\/asso-detours91.fr\/wp-content\/uploads\/2025\/05\/grivery-plan.png","type":"image\/png"}],"author":"Math","twitter_card":"summary_large_image","twitter_misc":{"\u00c9crit par":"Math","Dur\u00e9e de lecture estim\u00e9e":"1 minute"},"schema":{"@context":"https:\/\/schema.org","@graph":[{"@type":"Article","@id":"https:\/\/asso-detours91.fr\/index.php\/2025\/05\/19\/pique-nique-en-famille-avec-le-gem\/#article","isPartOf":{"@id":"https:\/\/asso-detours91.fr\/index.php\/2025\/05\/19\/pique-nique-en-famille-avec-le-gem\/"},"author":{"name":"Math","@id":"https:\/\/asso-detours91.fr\/#\/schema\/person\/d5fb98f7c018e57b02d8aa78963791fc"},"headline":"Pique-Nique en famille avec le GEM","datePublished":"2025-05-19T13:37:37+00:00","dateModified":"2025-08-16T15:17:37+00:00","mainEntityOfPage":{"@id":"https:\/\/asso-detours91.fr\/index.php\/2025\/05\/19\/pique-nique-en-famille-avec-le-gem\/"},"wordCount":26,"publisher":{"@id":"https:\/\/asso-detours91.fr\/#organization"},"image":{"@id":"https:\/\/asso-detours91.fr\/index.php\/2025\/05\/19\/pique-nique-en-famille-avec-le-gem\/#primaryimage"},"thumbnailUrl":"https:\/\/asso-detours91.fr\/wp-content\/uploads\/2025\/05\/grivery-plan.png","articleSection":["\u00c9v\u00e8nements"],"inLanguage":"fr-FR"},{"@type":"WebPage","@id":"https:\/\/asso-detours91.fr\/index.php\/2025\/05\/19\/pique-nique-en-famille-avec-le-gem\/","url":"https:\/\/asso-detours91.fr\/index.php\/2025\/05\/19\/pique-nique-en-famille-avec-le-gem\/","name":"Pique-Nique en famille avec le GEM -","isPartOf":{"@id":"https:\/\/asso-detours91.fr\/#website"},"primaryImageOfPage":{"@id":"https:\/\/asso-detours91.fr\/index.php\/2025\/05\/19\/pique-nique-en-famille-avec-le-gem\/#primaryimage"},"image":{"@id":"https:\/\/asso-detours91.fr\/index.php\/2025\/05\/19\/pique-nique-en-famille-avec-le-gem\/#primaryimage"},"thumbnailUrl":"https:\/\/asso-detours91.fr\/wp-content\/uploads\/2025\/05\/grivery-plan.png","datePublished":"2025-05-19T13:37:37+00:00","dateModified":"2025-08-16T15:17:37+00:00","breadcrumb":{"@id":"https:\/\/asso-detours91.fr\/index.php\/2025\/05\/19\/pique-nique-en-famille-avec-le-gem\/#breadcrumb"},"inLanguage":"fr-FR","potentialAction":[{"@type":"ReadAction","target":["https:\/\/asso-detours91.fr\/index.php\/2025\/05\/19\/pique-nique-en-famille-avec-le-gem\/"]}]},{"@type":"ImageObject","inLanguage":"fr-FR","@id":"https:\/\/asso-detours91.fr\/index.php\/2025\/05\/19\/pique-nique-en-famille-avec-le-gem\/#primaryimage","url":"https:\/\/asso-detours91.fr\/wp-content\/uploads\/2025\/05\/grivery-plan.png","contentUrl":"https:\/\/asso-detours91.fr\/wp-content\/uploads\/2025\/05\/grivery-plan.png","width":512,"height":345},{"@type":"BreadcrumbList","@id":"https:\/\/asso-detours91.fr\/index.php\/2025\/05\/19\/pique-nique-en-famille-avec-le-gem\/#breadcrumb","itemListElement":[{"@type":"ListItem","position":1,"name":"Accueil","item":"https:\/\/asso-detours91.fr\/"},{"@type":"ListItem","position":2,"name":"Pique-Nique en famille avec le GEM"}]},{"@type":"WebSite","@id":"https:\/\/asso-detours91.fr\/#website","url":"https:\/\/asso-detours91.fr\/","name":"Association D\u00e9tours","description":"Faire des d\u00e9tours, changer de regard ...","publisher":{"@id":"https:\/\/asso-detours91.fr\/#organization"},"inLanguage":"fr-FR"},{"@type":"Organization","@id":"https:\/\/asso-detours91.fr\/#organization","name":"Association D\u00e9tours","url":"https:\/\/asso-detours91.fr\/","logo":{"@type":"ImageObject","inLanguage":"fr-FR","@id":"https:\/\/asso-detours91.fr\/#\/schema\/logo\/image\/","url":"https:\/\/asso-detours91.fr\/wp-content\/uploads\/2025\/10\/cropped-kids-5741934_960_720.png","contentUrl":"https:\/\/asso-detours91.fr\/wp-content\/uploads\/2025\/10\/cropped-kids-5741934_960_720.png","width":956,"height":580,"caption":"Association D\u00e9tours"},"image":{"@id":"https:\/\/asso-detours91.fr\/#\/schema\/logo\/image\/"},"sameAs":["https:\/\/www.facebook.com\/detours91"]},{"@type":"Person","@id":"https:\/\/asso-detours91.fr\/#\/schema\/person\/d5fb98f7c018e57b02d8aa78963791fc","name":"Math","image":{"@type":"ImageObject","inLanguage":"fr-FR","@id":"https:\/\/secure.gravatar.com\/avatar\/df215d2a8123b8be01b51950f7a8c120e1a301bf3dd70e05531836bf7b2f0bbd?s=96&d=mm&r=g","url":"https:\/\/secure.gravatar.com\/avatar\/df215d2a8123b8be01b51950f7a8c120e1a301bf3dd70e05531836bf7b2f0bbd?s=96&d=mm&r=g","contentUrl":"https:\/\/secure.gravatar.com\/avatar\/df215d2a8123b8be01b51950f7a8c120e1a301bf3dd70e05531836bf7b2f0bbd?s=96&d=mm&r=g","caption":"Math"},"url":"https:\/\/asso-detours91.fr\/index.php\/author\/mathilde-jachym\/"}]}},"jetpack_featured_media_url":"","jetpack_sharing_enabled":true,"_links":{"self":[{"href":"https:\/\/asso-detours91.fr\/index.php\/wp-json\/wp\/v2\/posts\/118","targetHints":{"allow":["GET"]}}],"collection":[{"href":"https:\/\/asso-detours91.fr\/index.php\/wp-json\/wp\/v2\/posts"}],"about":[{"href":"https:\/\/asso-detours91.fr\/index.php\/wp-json\/wp\/v2\/types\/post"}],"author":[{"embeddable":true,"href":"https:\/\/asso-detours91.fr\/index.php\/wp-json\/wp\/v2\/users\/2"}],"replies":[{"embeddable":true,"href":"https:\/\/asso-detours91.fr\/index.php\/wp-json\/wp\/v2\/comments?post=118"}],"version-history":[{"count":4,"href":"https:\/\/asso-detours91.fr\/index.php\/wp-json\/wp\/v2\/posts\/118\/revisions"}],"predecessor-version":[{"id":128,"href":"https:\/\/asso-detours91.fr\/index.php\/wp-json\/wp\/v2\/posts\/118\/revisions\/128"}],"wp:attachment":[{"href":"https:\/\/asso-detours91.fr\/index.php\/wp-json\/wp\/v2\/media?parent=118"}],"wp:term":[{"taxonomy":"category","embeddable":true,"href":"https:\/\/asso-detours91.fr\/index.php\/wp-json\/wp\/v2\/categories?post=118"},{"taxonomy":"post_tag","embeddable":true,"href":"https:\/\/asso-detours91.fr\/index.php\/wp-json\/wp\/v2\/tags?post=118"}],"curies":[{"name":"wp","href":"https:\/\/api.w.org\/{rel}","templated":true}]}}