{"id":113,"date":"2025-05-19T15:19:08","date_gmt":"2025-05-19T13:19:08","guid":{"rendered":"https:\/\/asso-detours91.fr\/?p=113"},"modified":"2025-08-16T17:17:55","modified_gmt":"2025-08-16T15:17:55","slug":"groupe-de-paroles","status":"publish","type":"post","link":"https:\/\/asso-detours91.fr\/index.php\/2025\/05\/19\/groupe-de-paroles\/","title":{"rendered":"Groupe de paroles pour les aidants"},"content":{"rendered":"\n<p><\/p>\n\n\n\n<p><strong>Mercredi 11 juin<\/strong> <strong>2025, \u00e0 20h30&nbsp;<\/strong><\/p>\n\n\n\n<p><strong>LCR de Courdimanche bat 15&nbsp; 5-9 av de Bourgogne 91 940 LES ULIS <\/strong><\/p>\n\n\n\n<p>Groupe anim\u00e9 par Sylvie Kirsch psychologue.<\/p>\n\n\n\n<p>Merci de signaler votre participation quelques jours avant la date de chaque groupe de parole \u00e0 l\u2019adresse de l\u2019association &lt;associationdetours91@gmail.com&gt; ou \u00e0 &lt;<a href=\"mailto:sylviemeredith@yahoo.fr\"><u>sylviemeredith@yahoo.fr<\/u><\/a>&gt;<\/p>\n\n\n\n<p>&#8212;<\/p>\n\n\n\n<p><\/p>\n","protected":false},"excerpt":{"rendered":"<p>Mercredi 11 juin 2025, \u00e0 20h30&nbsp; LCR de Courdimanche bat 15&nbsp; 5-9 av de Bourgogne 91 940 LES ULIS Groupe anim\u00e9 par Sylvie Kirsch psychologue. Merci de signaler votre participation quelques jours avant la date de chaque groupe de parole \u00e0 l\u2019adresse de l\u2019association &lt;associationdetours91@gmail.com&gt; ou \u00e0 &lt;sylviemeredith@yahoo.fr&gt; &#8212;<\/p>\n","protected":false},"author":2,"featured_media":0,"comment_status":"closed","ping_status":"closed","sticky":false,"template":"","format":"standard","meta":{"jetpack_post_was_ever_published":false,"_jetpack_newsletter_access":"","_jetpack_dont_email_post_to_subs":false,"_jetpack_newsletter_tier_id":0,"_jetpack_memberships_contains_paywalled_content":false,"_jetpack_memberships_contains_paid_content":false,"footnotes":""},"categories":[4],"tags":[],"class_list":["post-113","post","type-post","status-publish","format-standard","hentry","category-evenements"],"yoast_head":"<!-- This site is optimized with the Yoast SEO plugin v27.4 - https:\/\/yoast.com\/product\/yoast-seo-wordpress\/ -->\n<title>Groupe de paroles pour les aidants -<\/title>\n<meta name=\"robots\" content=\"index, follow, max-snippet:-1, max-image-preview:large, max-video-preview:-1\" \/>\n<link rel=\"canonical\" href=\"https:\/\/asso-detours91.fr\/index.php\/2025\/05\/19\/groupe-de-paroles\/\" \/>\n<meta property=\"og:locale\" content=\"fr_FR\" \/>\n<meta property=\"og:type\" content=\"article\" \/>\n<meta property=\"og:title\" content=\"Groupe de paroles pour les aidants -\" \/>\n<meta property=\"og:description\" content=\"Mercredi 11 juin 2025, \u00e0 20h30&nbsp; LCR de Courdimanche bat 15&nbsp; 5-9 av de Bourgogne 91 940 LES ULIS Groupe anim\u00e9 par Sylvie Kirsch psychologue. Merci de signaler votre participation quelques jours avant la date de chaque groupe de parole \u00e0 l\u2019adresse de l\u2019association &lt;associationdetours91@gmail.com&gt; ou \u00e0 &lt;sylviemeredith@yahoo.fr&gt; &#8212;\" \/>\n<meta property=\"og:url\" content=\"https:\/\/asso-detours91.fr\/index.php\/2025\/05\/19\/groupe-de-paroles\/\" \/>\n<meta property=\"article:publisher\" content=\"https:\/\/www.facebook.com\/detours91\" \/>\n<meta property=\"article:published_time\" content=\"2025-05-19T13:19:08+00:00\" \/>\n<meta property=\"article:modified_time\" content=\"2025-08-16T15:17:55+00:00\" \/>\n<meta name=\"author\" content=\"Math\" \/>\n<meta name=\"twitter:card\" content=\"summary_large_image\" \/>\n<meta name=\"twitter:label1\" content=\"\u00c9crit par\" \/>\n\t<meta name=\"twitter:data1\" content=\"Math\" \/>\n\t<meta name=\"twitter:label2\" content=\"Dur\u00e9e de lecture estim\u00e9e\" \/>\n\t<meta name=\"twitter:data2\" content=\"1 minute\" \/>\n<script type=\"application\/ld+json\" class=\"yoast-schema-graph\">{\"@context\":\"https:\\\/\\\/schema.org\",\"@graph\":[{\"@type\":\"Article\",\"@id\":\"https:\\\/\\\/asso-detours91.fr\\\/index.php\\\/2025\\\/05\\\/19\\\/groupe-de-paroles\\\/#article\",\"isPartOf\":{\"@id\":\"https:\\\/\\\/asso-detours91.fr\\\/index.php\\\/2025\\\/05\\\/19\\\/groupe-de-paroles\\\/\"},\"author\":{\"name\":\"Math\",\"@id\":\"https:\\\/\\\/asso-detours91.fr\\\/#\\\/schema\\\/person\\\/d5fb98f7c018e57b02d8aa78963791fc\"},\"headline\":\"Groupe de paroles pour les aidants\",\"datePublished\":\"2025-05-19T13:19:08+00:00\",\"dateModified\":\"2025-08-16T15:17:55+00:00\",\"mainEntityOfPage\":{\"@id\":\"https:\\\/\\\/asso-detours91.fr\\\/index.php\\\/2025\\\/05\\\/19\\\/groupe-de-paroles\\\/\"},\"wordCount\":59,\"publisher\":{\"@id\":\"https:\\\/\\\/asso-detours91.fr\\\/#organization\"},\"articleSection\":[\"\u00c9v\u00e8nements\"],\"inLanguage\":\"fr-FR\"},{\"@type\":\"WebPage\",\"@id\":\"https:\\\/\\\/asso-detours91.fr\\\/index.php\\\/2025\\\/05\\\/19\\\/groupe-de-paroles\\\/\",\"url\":\"https:\\\/\\\/asso-detours91.fr\\\/index.php\\\/2025\\\/05\\\/19\\\/groupe-de-paroles\\\/\",\"name\":\"Groupe de paroles pour les aidants -\",\"isPartOf\":{\"@id\":\"https:\\\/\\\/asso-detours91.fr\\\/#website\"},\"datePublished\":\"2025-05-19T13:19:08+00:00\",\"dateModified\":\"2025-08-16T15:17:55+00:00\",\"breadcrumb\":{\"@id\":\"https:\\\/\\\/asso-detours91.fr\\\/index.php\\\/2025\\\/05\\\/19\\\/groupe-de-paroles\\\/#breadcrumb\"},\"inLanguage\":\"fr-FR\",\"potentialAction\":[{\"@type\":\"ReadAction\",\"target\":[\"https:\\\/\\\/asso-detours91.fr\\\/index.php\\\/2025\\\/05\\\/19\\\/groupe-de-paroles\\\/\"]}]},{\"@type\":\"BreadcrumbList\",\"@id\":\"https:\\\/\\\/asso-detours91.fr\\\/index.php\\\/2025\\\/05\\\/19\\\/groupe-de-paroles\\\/#breadcrumb\",\"itemListElement\":[{\"@type\":\"ListItem\",\"position\":1,\"name\":\"Accueil\",\"item\":\"https:\\\/\\\/asso-detours91.fr\\\/\"},{\"@type\":\"ListItem\",\"position\":2,\"name\":\"Groupe de paroles pour les aidants\"}]},{\"@type\":\"WebSite\",\"@id\":\"https:\\\/\\\/asso-detours91.fr\\\/#website\",\"url\":\"https:\\\/\\\/asso-detours91.fr\\\/\",\"name\":\"Association D\u00e9tours\",\"description\":\"Faire des d\u00e9tours, changer de regard ...\",\"publisher\":{\"@id\":\"https:\\\/\\\/asso-detours91.fr\\\/#organization\"},\"inLanguage\":\"fr-FR\"},{\"@type\":\"Organization\",\"@id\":\"https:\\\/\\\/asso-detours91.fr\\\/#organization\",\"name\":\"Association D\u00e9tours\",\"url\":\"https:\\\/\\\/asso-detours91.fr\\\/\",\"logo\":{\"@type\":\"ImageObject\",\"inLanguage\":\"fr-FR\",\"@id\":\"https:\\\/\\\/asso-detours91.fr\\\/#\\\/schema\\\/logo\\\/image\\\/\",\"url\":\"https:\\\/\\\/asso-detours91.fr\\\/wp-content\\\/uploads\\\/2025\\\/10\\\/cropped-kids-5741934_960_720.png\",\"contentUrl\":\"https:\\\/\\\/asso-detours91.fr\\\/wp-content\\\/uploads\\\/2025\\\/10\\\/cropped-kids-5741934_960_720.png\",\"width\":956,\"height\":580,\"caption\":\"Association D\u00e9tours\"},\"image\":{\"@id\":\"https:\\\/\\\/asso-detours91.fr\\\/#\\\/schema\\\/logo\\\/image\\\/\"},\"sameAs\":[\"https:\\\/\\\/www.facebook.com\\\/detours91\"]},{\"@type\":\"Person\",\"@id\":\"https:\\\/\\\/asso-detours91.fr\\\/#\\\/schema\\\/person\\\/d5fb98f7c018e57b02d8aa78963791fc\",\"name\":\"Math\",\"image\":{\"@type\":\"ImageObject\",\"inLanguage\":\"fr-FR\",\"@id\":\"https:\\\/\\\/secure.gravatar.com\\\/avatar\\\/df215d2a8123b8be01b51950f7a8c120e1a301bf3dd70e05531836bf7b2f0bbd?s=96&d=mm&r=g\",\"url\":\"https:\\\/\\\/secure.gravatar.com\\\/avatar\\\/df215d2a8123b8be01b51950f7a8c120e1a301bf3dd70e05531836bf7b2f0bbd?s=96&d=mm&r=g\",\"contentUrl\":\"https:\\\/\\\/secure.gravatar.com\\\/avatar\\\/df215d2a8123b8be01b51950f7a8c120e1a301bf3dd70e05531836bf7b2f0bbd?s=96&d=mm&r=g\",\"caption\":\"Math\"},\"url\":\"https:\\\/\\\/asso-detours91.fr\\\/index.php\\\/author\\\/mathilde-jachym\\\/\"}]}<\/script>\n<!-- \/ Yoast SEO plugin. -->","yoast_head_json":{"title":"Groupe de paroles pour les aidants -","robots":{"index":"index","follow":"follow","max-snippet":"max-snippet:-1","max-image-preview":"max-image-preview:large","max-video-preview":"max-video-preview:-1"},"canonical":"https:\/\/asso-detours91.fr\/index.php\/2025\/05\/19\/groupe-de-paroles\/","og_locale":"fr_FR","og_type":"article","og_title":"Groupe de paroles pour les aidants -","og_description":"Mercredi 11 juin 2025, \u00e0 20h30&nbsp; LCR de Courdimanche bat 15&nbsp; 5-9 av de Bourgogne 91 940 LES ULIS Groupe anim\u00e9 par Sylvie Kirsch psychologue. Merci de signaler votre participation quelques jours avant la date de chaque groupe de parole \u00e0 l\u2019adresse de l\u2019association &lt;associationdetours91@gmail.com&gt; ou \u00e0 &lt;sylviemeredith@yahoo.fr&gt; &#8212;","og_url":"https:\/\/asso-detours91.fr\/index.php\/2025\/05\/19\/groupe-de-paroles\/","article_publisher":"https:\/\/www.facebook.com\/detours91","article_published_time":"2025-05-19T13:19:08+00:00","article_modified_time":"2025-08-16T15:17:55+00:00","author":"Math","twitter_card":"summary_large_image","twitter_misc":{"\u00c9crit par":"Math","Dur\u00e9e de lecture estim\u00e9e":"1 minute"},"schema":{"@context":"https:\/\/schema.org","@graph":[{"@type":"Article","@id":"https:\/\/asso-detours91.fr\/index.php\/2025\/05\/19\/groupe-de-paroles\/#article","isPartOf":{"@id":"https:\/\/asso-detours91.fr\/index.php\/2025\/05\/19\/groupe-de-paroles\/"},"author":{"name":"Math","@id":"https:\/\/asso-detours91.fr\/#\/schema\/person\/d5fb98f7c018e57b02d8aa78963791fc"},"headline":"Groupe de paroles pour les aidants","datePublished":"2025-05-19T13:19:08+00:00","dateModified":"2025-08-16T15:17:55+00:00","mainEntityOfPage":{"@id":"https:\/\/asso-detours91.fr\/index.php\/2025\/05\/19\/groupe-de-paroles\/"},"wordCount":59,"publisher":{"@id":"https:\/\/asso-detours91.fr\/#organization"},"articleSection":["\u00c9v\u00e8nements"],"inLanguage":"fr-FR"},{"@type":"WebPage","@id":"https:\/\/asso-detours91.fr\/index.php\/2025\/05\/19\/groupe-de-paroles\/","url":"https:\/\/asso-detours91.fr\/index.php\/2025\/05\/19\/groupe-de-paroles\/","name":"Groupe de paroles pour les aidants -","isPartOf":{"@id":"https:\/\/asso-detours91.fr\/#website"},"datePublished":"2025-05-19T13:19:08+00:00","dateModified":"2025-08-16T15:17:55+00:00","breadcrumb":{"@id":"https:\/\/asso-detours91.fr\/index.php\/2025\/05\/19\/groupe-de-paroles\/#breadcrumb"},"inLanguage":"fr-FR","potentialAction":[{"@type":"ReadAction","target":["https:\/\/asso-detours91.fr\/index.php\/2025\/05\/19\/groupe-de-paroles\/"]}]},{"@type":"BreadcrumbList","@id":"https:\/\/asso-detours91.fr\/index.php\/2025\/05\/19\/groupe-de-paroles\/#breadcrumb","itemListElement":[{"@type":"ListItem","position":1,"name":"Accueil","item":"https:\/\/asso-detours91.fr\/"},{"@type":"ListItem","position":2,"name":"Groupe de paroles pour les aidants"}]},{"@type":"WebSite","@id":"https:\/\/asso-detours91.fr\/#website","url":"https:\/\/asso-detours91.fr\/","name":"Association D\u00e9tours","description":"Faire des d\u00e9tours, changer de regard ...","publisher":{"@id":"https:\/\/asso-detours91.fr\/#organization"},"inLanguage":"fr-FR"},{"@type":"Organization","@id":"https:\/\/asso-detours91.fr\/#organization","name":"Association D\u00e9tours","url":"https:\/\/asso-detours91.fr\/","logo":{"@type":"ImageObject","inLanguage":"fr-FR","@id":"https:\/\/asso-detours91.fr\/#\/schema\/logo\/image\/","url":"https:\/\/asso-detours91.fr\/wp-content\/uploads\/2025\/10\/cropped-kids-5741934_960_720.png","contentUrl":"https:\/\/asso-detours91.fr\/wp-content\/uploads\/2025\/10\/cropped-kids-5741934_960_720.png","width":956,"height":580,"caption":"Association D\u00e9tours"},"image":{"@id":"https:\/\/asso-detours91.fr\/#\/schema\/logo\/image\/"},"sameAs":["https:\/\/www.facebook.com\/detours91"]},{"@type":"Person","@id":"https:\/\/asso-detours91.fr\/#\/schema\/person\/d5fb98f7c018e57b02d8aa78963791fc","name":"Math","image":{"@type":"ImageObject","inLanguage":"fr-FR","@id":"https:\/\/secure.gravatar.com\/avatar\/df215d2a8123b8be01b51950f7a8c120e1a301bf3dd70e05531836bf7b2f0bbd?s=96&d=mm&r=g","url":"https:\/\/secure.gravatar.com\/avatar\/df215d2a8123b8be01b51950f7a8c120e1a301bf3dd70e05531836bf7b2f0bbd?s=96&d=mm&r=g","contentUrl":"https:\/\/secure.gravatar.com\/avatar\/df215d2a8123b8be01b51950f7a8c120e1a301bf3dd70e05531836bf7b2f0bbd?s=96&d=mm&r=g","caption":"Math"},"url":"https:\/\/asso-detours91.fr\/index.php\/author\/mathilde-jachym\/"}]}},"jetpack_featured_media_url":"","jetpack_sharing_enabled":true,"_links":{"self":[{"href":"https:\/\/asso-detours91.fr\/index.php\/wp-json\/wp\/v2\/posts\/113","targetHints":{"allow":["GET"]}}],"collection":[{"href":"https:\/\/asso-detours91.fr\/index.php\/wp-json\/wp\/v2\/posts"}],"about":[{"href":"https:\/\/asso-detours91.fr\/index.php\/wp-json\/wp\/v2\/types\/post"}],"author":[{"embeddable":true,"href":"https:\/\/asso-detours91.fr\/index.php\/wp-json\/wp\/v2\/users\/2"}],"replies":[{"embeddable":true,"href":"https:\/\/asso-detours91.fr\/index.php\/wp-json\/wp\/v2\/comments?post=113"}],"version-history":[{"count":6,"href":"https:\/\/asso-detours91.fr\/index.php\/wp-json\/wp\/v2\/posts\/113\/revisions"}],"predecessor-version":[{"id":127,"href":"https:\/\/asso-detours91.fr\/index.php\/wp-json\/wp\/v2\/posts\/113\/revisions\/127"}],"wp:attachment":[{"href":"https:\/\/asso-detours91.fr\/index.php\/wp-json\/wp\/v2\/media?parent=113"}],"wp:term":[{"taxonomy":"category","embeddable":true,"href":"https:\/\/asso-detours91.fr\/index.php\/wp-json\/wp\/v2\/categories?post=113"},{"taxonomy":"post_tag","embeddable":true,"href":"https:\/\/asso-detours91.fr\/index.php\/wp-json\/wp\/v2\/tags?post=113"}],"curies":[{"name":"wp","href":"https:\/\/api.w.org\/{rel}","templated":true}]}}